{"id":42813,"date":"2023-02-28T16:25:23","date_gmt":"2023-02-28T19:25:23","guid":{"rendered":"https:\/\/infovera.com.ar\/web\/?p=42813"},"modified":"2023-03-02T11:14:44","modified_gmt":"2023-03-02T14:14:44","slug":"paro-y-movilizacion-de-profesionales-de-la-salud-nucleados-en-amra","status":"publish","type":"post","link":"https:\/\/infovera.com.ar\/web\/2023\/02\/28\/paro-y-movilizacion-de-profesionales-de-la-salud-nucleados-en-amra\/","title":{"rendered":"Paro y movilizaci\u00f3n de profesionales de la Salud nucleados en AMRA"},"content":{"rendered":"<p><strong>Tendr\u00e1 lugar el jueves 2 de marzo.<\/strong><\/p>\n<p>La Asocaciaci\u00f3n de M\u00e9dicos de la Rep\u00fablica Argentina (AMRA) decret\u00f3 un paro de 24 horas en rechazo a la oferta salarial del gobierno provincial.<\/p>\n<p>La modalidad de protesta ser\u00e1 con guardias m\u00ednimas y atenci\u00f3n de emergencias.<\/p>\n<p>La concentraci\u00f3n se realizar\u00e1 a las 10, frente al Ministerio de Salud, en Juan de Garay y 1\u00ba de Mayo de la capital provincial.<\/p>\n","protected":false},"excerpt":{"rendered":"<p>Tendr\u00e1 lugar el jueves 2 de marzo. La Asocaciaci\u00f3n de M\u00e9dicos de la Rep\u00fablica Argentina (AMRA) decret\u00f3 un paro de 24 horas en rechazo a la oferta salarial del gobierno provincial. La modalidad de protesta ser\u00e1 con guardias m\u00ednimas y atenci\u00f3n de emergencias. La concentraci\u00f3n se realizar\u00e1 a las 10, frente al Ministerio de Salud, [&hellip;]<\/p>\n","protected":false},"author":3,"featured_media":42814,"comment_status":"closed","ping_status":"closed","sticky":false,"template":"","format":"standard","meta":{"_joinchat":[],"footnotes":""},"categories":[60],"tags":[],"class_list":{"0":"post-42813","1":"post","2":"type-post","3":"status-publish","4":"format-standard","5":"has-post-thumbnail","7":"category-provinciales"},"_links":{"self":[{"href":"https:\/\/infovera.com.ar\/web\/wp-json\/wp\/v2\/posts\/42813","targetHints":{"allow":["GET"]}}],"collection":[{"href":"https:\/\/infovera.com.ar\/web\/wp-json\/wp\/v2\/posts"}],"about":[{"href":"https:\/\/infovera.com.ar\/web\/wp-json\/wp\/v2\/types\/post"}],"author":[{"embeddable":true,"href":"https:\/\/infovera.com.ar\/web\/wp-json\/wp\/v2\/users\/3"}],"replies":[{"embeddable":true,"href":"https:\/\/infovera.com.ar\/web\/wp-json\/wp\/v2\/comments?post=42813"}],"version-history":[{"count":0,"href":"https:\/\/infovera.com.ar\/web\/wp-json\/wp\/v2\/posts\/42813\/revisions"}],"wp:featuredmedia":[{"embeddable":true,"href":"https:\/\/infovera.com.ar\/web\/wp-json\/wp\/v2\/media\/42814"}],"wp:attachment":[{"href":"https:\/\/infovera.com.ar\/web\/wp-json\/wp\/v2\/media?parent=42813"}],"wp:term":[{"taxonomy":"category","embeddable":true,"href":"https:\/\/infovera.com.ar\/web\/wp-json\/wp\/v2\/categories?post=42813"},{"taxonomy":"post_tag","embeddable":true,"href":"https:\/\/infovera.com.ar\/web\/wp-json\/wp\/v2\/tags?post=42813"}],"curies":[{"name":"wp","href":"https:\/\/api.w.org\/{rel}","templated":true}]}}