{"id":42791,"date":"2023-02-28T16:29:20","date_gmt":"2023-02-28T19:29:20","guid":{"rendered":"https:\/\/infovera.com.ar\/web\/?p=42791"},"modified":"2023-02-28T16:29:20","modified_gmt":"2023-02-28T19:29:20","slug":"charla-informativa-sobre-el-proximo-sorteo-de-viviendas-para-vera","status":"publish","type":"post","link":"https:\/\/infovera.com.ar\/web\/2023\/02\/28\/charla-informativa-sobre-el-proximo-sorteo-de-viviendas-para-vera\/","title":{"rendered":"Charla informativa sobre el pr\u00f3ximo sorteo de viviendas para Vera"},"content":{"rendered":"<p><strong>Ser\u00e1 este mi\u00e9rcoles, a las 10 horas, y comprende a 20 unidades habitacionales destinadas al gremio docente. En la sede de AMSAFE, situada en calle Belgrano 2260 &#8211; Vera.<\/strong><\/p>\n<p>El Ministerio de Infraestructura, Servicios P\u00fablicos y H\u00e1bitat, a trav\u00e9s de la Direcci\u00f3n Provincial de Vivienda y Urbanismo, llevar\u00e1 a cabo una charla informativa donde se brindar\u00e1n detalles sobre el sorteo de 20 viviendas para el gremio docente que se llevar\u00e1 a cabo pr\u00f3ximamente en la localidad de Vera, del departamento hom\u00f3nimo.<\/p>\n<p>La convocatoria ser\u00e1 el mi\u00e9rcoles 1 de marzo, a las 10, en la sede de AMSAFE (situada en calle Belgrano 2260 &#8211; Vera) . All\u00ed se presentar\u00e1 personal de la Direcci\u00f3n Provincial de Vivienda y Urbanismo proporcionando las especificaciones, detalles e informaci\u00f3n sobre este nuevo barrio en la localidad.<\/p>\n<p><strong>LAS VIVIENDAS<\/strong><\/p>\n<p>En relaci\u00f3n al plan de viviendas, pertenecer\u00e1n al prototipo de unidades habitacionales de dos dormitorios y contar\u00e1n con ba\u00f1o, cocina-comedor, patio y los servicios de infraestructura correspondientes.<\/p>\n","protected":false},"excerpt":{"rendered":"<p>Ser\u00e1 este mi\u00e9rcoles, a las 10 horas, y comprende a 20 unidades habitacionales destinadas al gremio docente. En la sede de AMSAFE, situada en calle Belgrano 2260 &#8211; Vera. El Ministerio de Infraestructura, Servicios P\u00fablicos y H\u00e1bitat, a trav\u00e9s de la Direcci\u00f3n Provincial de Vivienda y Urbanismo, llevar\u00e1 a cabo una charla informativa donde se [&hellip;]<\/p>\n","protected":false},"author":3,"featured_media":42792,"comment_status":"closed","ping_status":"closed","sticky":false,"template":"","format":"standard","meta":{"_joinchat":[],"footnotes":""},"categories":[56],"tags":[],"class_list":{"0":"post-42791","1":"post","2":"type-post","3":"status-publish","4":"format-standard","5":"has-post-thumbnail","7":"category-destacados"},"_links":{"self":[{"href":"https:\/\/infovera.com.ar\/web\/wp-json\/wp\/v2\/posts\/42791","targetHints":{"allow":["GET"]}}],"collection":[{"href":"https:\/\/infovera.com.ar\/web\/wp-json\/wp\/v2\/posts"}],"about":[{"href":"https:\/\/infovera.com.ar\/web\/wp-json\/wp\/v2\/types\/post"}],"author":[{"embeddable":true,"href":"https:\/\/infovera.com.ar\/web\/wp-json\/wp\/v2\/users\/3"}],"replies":[{"embeddable":true,"href":"https:\/\/infovera.com.ar\/web\/wp-json\/wp\/v2\/comments?post=42791"}],"version-history":[{"count":0,"href":"https:\/\/infovera.com.ar\/web\/wp-json\/wp\/v2\/posts\/42791\/revisions"}],"wp:featuredmedia":[{"embeddable":true,"href":"https:\/\/infovera.com.ar\/web\/wp-json\/wp\/v2\/media\/42792"}],"wp:attachment":[{"href":"https:\/\/infovera.com.ar\/web\/wp-json\/wp\/v2\/media?parent=42791"}],"wp:term":[{"taxonomy":"category","embeddable":true,"href":"https:\/\/infovera.com.ar\/web\/wp-json\/wp\/v2\/categories?post=42791"},{"taxonomy":"post_tag","embeddable":true,"href":"https:\/\/infovera.com.ar\/web\/wp-json\/wp\/v2\/tags?post=42791"}],"curies":[{"name":"wp","href":"https:\/\/api.w.org\/{rel}","templated":true}]}}