{"id":42750,"date":"2023-02-27T12:14:44","date_gmt":"2023-02-27T15:14:44","guid":{"rendered":"https:\/\/infovera.com.ar\/web\/?p=42750"},"modified":"2023-02-27T12:14:44","modified_gmt":"2023-02-27T15:14:44","slug":"honestidad-y-transparencia-capparelli-presento-el-proyecto-de-etica-en-la-funcion-publica","status":"publish","type":"post","link":"https:\/\/infovera.com.ar\/web\/2023\/02\/27\/honestidad-y-transparencia-capparelli-presento-el-proyecto-de-etica-en-la-funcion-publica\/","title":{"rendered":"Honestidad y transparencia: Capparelli present\u00f3 el proyecto de \u00e9tica en la funci\u00f3n p\u00fablica"},"content":{"rendered":"<p><strong>La concejal Natalia Capparelli present\u00f3 el Proyecto de \u00c9tica en el Ejercicio de la Funci\u00f3n P\u00fablica, en un acto con una gran convocatoria de p\u00fablico realizado este jueves 23 en el Centro Industrial y Comercial de Reconquista.<\/strong><\/p>\n<p>Acompa\u00f1aron a Capparelli en la presentaci\u00f3n Ra\u00fal &#8220;Lali&#8221; Medina, con quien trabaj\u00f3 el proyecto, e integraron el panel los concejales de la ciudad de Santa Fe, Leandro Gonz\u00e1lez -quien es Presidente el Concejo Municipal de la ciudad capital \u2013 y Laura Mondino.<\/p>\n<p>\u201cLa presentaci\u00f3n de este proyecto ratifica nuestra convicci\u00f3n de que la pol\u00edtica debe ir de la mano con decencia, honestidad y transparencia\u201d expres\u00f3 Natalia Capparelli.<\/p>\n<p>\u201cIniciamos el debate sobre este tema sensible y de abordaje necesario, con el objeto que todos participen en la discusi\u00f3n y elaboraci\u00f3n de la ordenanza de \u00c9tica en el Ejercicio de la Funci\u00f3n P\u00fablica, sin distinciones partidarias ni de ning\u00fan tipo. Los pol\u00edticos, los vecinos, las instituciones, todos los reconquistences deben involucrarse en este debate que tiene como finalidad recuperar la confianza de la gente en las instituciones de la pol\u00edtica, cada vez m\u00e1s alejadas de la gente por falta de transparencia y decencia en el ejercicio de los<br \/>\ncargos\u201d agreg\u00f3 Capparelli.<\/p>\n<p>El proyecto fue presentado en el Concejo de la Ciudad de Santa Fe, y con algunas modificaciones e incorporaciones que se hicieron, se estructur\u00f3 desarrollando como principios de la \u00e9tica p\u00fablica: la integridad, la preservaci\u00f3n del inter\u00e9s p\u00fablico, la transparencia y la rendici\u00f3n de cuentas, la prudencia y la imparcialidad.<\/p>\n<p>En el proyecto de ordenanza presentado por Capparelli se busca legislar sobre los principios de la \u00e9tica p\u00fablica, deberes de comportamiento \u00e9tico, reglas antinepotismo, sanciones al incumplimiento de las normas, declaraciones juradas patrimoniales, inhabilidades, incompatibilidades y conflictos de intereses, entre otros temas de suma importancia.<\/p>\n<p>Capparelli resalt\u00f3: \u201cDeseamos establecer y someternos al cumplimiento de obligaciones que impuestas a todo ciudadano que cumpla tareas en el \u00e1mbito municipal, ennoblezca la funci\u00f3n y devuelva a la ciudadan\u00eda la confianza en las instituciones del estado y en quienes tienen a su cargo la responsabilidad de desempe\u00f1arlas\u201d.<\/p>\n","protected":false},"excerpt":{"rendered":"<p>La concejal Natalia Capparelli present\u00f3 el Proyecto de \u00c9tica en el Ejercicio de la Funci\u00f3n P\u00fablica, en un acto con una gran convocatoria de p\u00fablico realizado este jueves 23 en el Centro Industrial y Comercial de Reconquista. Acompa\u00f1aron a Capparelli en la presentaci\u00f3n Ra\u00fal &#8220;Lali&#8221; Medina, con quien trabaj\u00f3 el proyecto, e integraron el panel [&hellip;]<\/p>\n","protected":false},"author":3,"featured_media":42753,"comment_status":"closed","ping_status":"closed","sticky":false,"template":"","format":"standard","meta":{"_joinchat":[],"footnotes":""},"categories":[55],"tags":[],"class_list":{"0":"post-42750","1":"post","2":"type-post","3":"status-publish","4":"format-standard","5":"has-post-thumbnail","7":"category-reconquista"},"_links":{"self":[{"href":"https:\/\/infovera.com.ar\/web\/wp-json\/wp\/v2\/posts\/42750","targetHints":{"allow":["GET"]}}],"collection":[{"href":"https:\/\/infovera.com.ar\/web\/wp-json\/wp\/v2\/posts"}],"about":[{"href":"https:\/\/infovera.com.ar\/web\/wp-json\/wp\/v2\/types\/post"}],"author":[{"embeddable":true,"href":"https:\/\/infovera.com.ar\/web\/wp-json\/wp\/v2\/users\/3"}],"replies":[{"embeddable":true,"href":"https:\/\/infovera.com.ar\/web\/wp-json\/wp\/v2\/comments?post=42750"}],"version-history":[{"count":0,"href":"https:\/\/infovera.com.ar\/web\/wp-json\/wp\/v2\/posts\/42750\/revisions"}],"wp:featuredmedia":[{"embeddable":true,"href":"https:\/\/infovera.com.ar\/web\/wp-json\/wp\/v2\/media\/42753"}],"wp:attachment":[{"href":"https:\/\/infovera.com.ar\/web\/wp-json\/wp\/v2\/media?parent=42750"}],"wp:term":[{"taxonomy":"category","embeddable":true,"href":"https:\/\/infovera.com.ar\/web\/wp-json\/wp\/v2\/categories?post=42750"},{"taxonomy":"post_tag","embeddable":true,"href":"https:\/\/infovera.com.ar\/web\/wp-json\/wp\/v2\/tags?post=42750"}],"curies":[{"name":"wp","href":"https:\/\/api.w.org\/{rel}","templated":true}]}}