{"id":42713,"date":"2023-02-23T13:31:34","date_gmt":"2023-02-23T16:31:34","guid":{"rendered":"https:\/\/infovera.com.ar\/web\/?p=42713"},"modified":"2023-02-23T13:31:34","modified_gmt":"2023-02-23T16:31:34","slug":"cantero-los-chicos-se-merecen-tener-clases","status":"publish","type":"post","link":"https:\/\/infovera.com.ar\/web\/2023\/02\/23\/cantero-los-chicos-se-merecen-tener-clases\/","title":{"rendered":"Cantero: \u201cLos chicos se merecen tener clases\u201d"},"content":{"rendered":"<p>La ministra de Educaci\u00f3n de la provincia, Adriana Cantero, se refiri\u00f3 a la reuni\u00f3n de la paritaria docente que se llev\u00f3 a cabo este mi\u00e9rcoles en el ministerio de Trabajo, donde tambi\u00e9n particip\u00f3 el ministro del \u00e1rea, Juan Manuel Pusineri.<\/p>\n<p>Cantero, asegur\u00f3 que la propuesta que llev\u00f3 la provincia a la mesa de negociaci\u00f3n con los gremios docentes \u201ces razonable, es una paritaria salarial que ha reproducido y que acordaron y aplaudieron nuestros gremios en su representaci\u00f3n en la naci\u00f3n, con un punto de partida m\u00e1s alto porque Santa Fe tiene un salario de los mejores del pa\u00eds\u201d.<\/p>\n<p>En ese sentido, la ministra afirm\u00f3 que \u201clos chicos se merecen tener clases. Hemos hecho un gran esfuerzo que debe ser de todos para que los chicos tengan clases\u201d. Y agreg\u00f3: \u201cEsta es una propuesta de un espacio de tiempo breve, hasta julio, y que tiene la posibilidad de hasta dos revisiones: una en mayo y otra en julio, precisamente para observar qu\u00e9 pasa con la inflaci\u00f3n y mantener nuestro compromiso de que la inflaci\u00f3n no le gane al salario\u201d.<\/p>\n<p>\u201cNo hay que confundir a la gente. Nosotros terminamos en diciembre con una paritaria que dej\u00f3 el sueldo de los docentes varios puntos por encima de la inflaci\u00f3n. Si hay cosas que discutir podemos mostrar la buena voluntad y se puede volver a la mesa de negociaci\u00f3n sin quitar a los chicos d\u00edas de clases, el di\u00e1logo de la paritaria est\u00e1 abierto permanentemente y cuando uno va a las medidas de fuerzas es porque rompe en di\u00e1logo\u201d, ampli\u00f3 la titular de la cartera educativa.<\/p>\n<p>En referencia a la paritaria nacional, Cantero sostuvo que \u201cesta lo que hace es generar una especie de garant\u00eda para las provincias m\u00e1s pobres que no pueden alcanzar los sueldos m\u00ednimos, y poder generar un fondo de garant\u00eda y compensaci\u00f3n para que se cumpla el objetivo de que no haya ning\u00fan docente que cobre menos de 130 mil pesos. Nuestro salario inicial con la oferta que hicimos estar\u00eda en 160 mil pesos, cumplimos con el 33,5% que propuso la paritaria nacional como referencia pero desde un punto m\u00e1s alto\u201d.<\/p>\n<p>La de Santa Fe \u201ces una propuesta integral, porque no solamente es lo salarial, la estabilidad creciente, los concursos que se van sumando, la creaci\u00f3n de m\u00e1s de 50.000 horas c\u00e1tedra para lograr la escuela primaria de 25 horas semanales que implica la creaci\u00f3n de fuentes de trabajo enormes para el sector docente\u201d, finaliz\u00f3 la ministra.<\/p>\n","protected":false},"excerpt":{"rendered":"<p>La ministra de Educaci\u00f3n de la provincia, Adriana Cantero, se refiri\u00f3 a la reuni\u00f3n de la paritaria docente que se llev\u00f3 a cabo este mi\u00e9rcoles en el ministerio de Trabajo, donde tambi\u00e9n particip\u00f3 el ministro del \u00e1rea, Juan Manuel Pusineri. Cantero, asegur\u00f3 que la propuesta que llev\u00f3 la provincia a la mesa de negociaci\u00f3n con [&hellip;]<\/p>\n","protected":false},"author":3,"featured_media":42714,"comment_status":"closed","ping_status":"closed","sticky":false,"template":"","format":"standard","meta":{"_joinchat":[],"footnotes":""},"categories":[60],"tags":[],"class_list":{"0":"post-42713","1":"post","2":"type-post","3":"status-publish","4":"format-standard","5":"has-post-thumbnail","7":"category-provinciales"},"_links":{"self":[{"href":"https:\/\/infovera.com.ar\/web\/wp-json\/wp\/v2\/posts\/42713","targetHints":{"allow":["GET"]}}],"collection":[{"href":"https:\/\/infovera.com.ar\/web\/wp-json\/wp\/v2\/posts"}],"about":[{"href":"https:\/\/infovera.com.ar\/web\/wp-json\/wp\/v2\/types\/post"}],"author":[{"embeddable":true,"href":"https:\/\/infovera.com.ar\/web\/wp-json\/wp\/v2\/users\/3"}],"replies":[{"embeddable":true,"href":"https:\/\/infovera.com.ar\/web\/wp-json\/wp\/v2\/comments?post=42713"}],"version-history":[{"count":0,"href":"https:\/\/infovera.com.ar\/web\/wp-json\/wp\/v2\/posts\/42713\/revisions"}],"wp:featuredmedia":[{"embeddable":true,"href":"https:\/\/infovera.com.ar\/web\/wp-json\/wp\/v2\/media\/42714"}],"wp:attachment":[{"href":"https:\/\/infovera.com.ar\/web\/wp-json\/wp\/v2\/media?parent=42713"}],"wp:term":[{"taxonomy":"category","embeddable":true,"href":"https:\/\/infovera.com.ar\/web\/wp-json\/wp\/v2\/categories?post=42713"},{"taxonomy":"post_tag","embeddable":true,"href":"https:\/\/infovera.com.ar\/web\/wp-json\/wp\/v2\/tags?post=42713"}],"curies":[{"name":"wp","href":"https:\/\/api.w.org\/{rel}","templated":true}]}}