{"id":42615,"date":"2023-02-17T12:54:09","date_gmt":"2023-02-17T15:54:09","guid":{"rendered":"https:\/\/infovera.com.ar\/web\/?p=42615"},"modified":"2023-02-19T19:15:27","modified_gmt":"2023-02-19T22:15:27","slug":"paula-mitre-en-ningun-otro-lugar-vas-a-encontrar-un-carnaval-como-el-de-vera","status":"publish","type":"post","link":"https:\/\/infovera.com.ar\/web\/2023\/02\/17\/paula-mitre-en-ningun-otro-lugar-vas-a-encontrar-un-carnaval-como-el-de-vera\/","title":{"rendered":"Paula Mitre: &#8220;En ning\u00fan otro lugar vas a encontrar un Carnaval como el de Vera&#8221;"},"content":{"rendered":"<p><strong>La intendente de Vera dialog\u00f3 con InfoVera acerca de lo vivido en el fin de semana de apertura de Vera, el Carnaval de Santa Fe, e invit\u00f3 a vivir las dos noches que quedan.<\/strong><\/p>\n<p>&#8220;Vera est\u00e1 viviendo el desarrollo de los Carnavales con la pasi\u00f3n de siempre, hay un entusiasmo, una expectativa, hay clima de Carnaval&#8221;, puso de relieve la mandataria municipal.<\/p>\n<p>&#8220;Eso quiere decir que nadie se los quiere perder. Con el desarrollo de la primera noche, que fue una noche m\u00e1gica, espl\u00e9ndida, con una temperatura agradable, las comparsas se han superado, todos los a\u00f1os aportan nuevos dise\u00f1os, mejoran las batucadas, incorporan n\u00fameros musicales, hay trajes bell\u00edsimos, mejoran los materiales&#8221;, manifest\u00f3.<\/p>\n<p>Luego, dijo que &#8220;realmente es para destacar por ellos son realmente el coraz\u00f3n de los Carnavales, ellos son el motor que impulsa esta pasi\u00f3n y hay que felicitarlos por c\u00f3mo han trabajado todo este a\u00f1o, eso se nota, se lucen, se han lucido el s\u00e1bado pasado que fue realmente hermoso&#8221;.<\/p>\n<p>El espectador, el p\u00fablico en general qued\u00f3 maravillado, los comentarios son todos buenos, muy buenos, y &#8220;conf\u00edo, creo y estoy convencida que este pr\u00f3ximo s\u00e1bado y domingo van a ser igual de maravillosas las noches de Carnaval&#8221;, expres\u00f3.<\/p>\n<p>Por \u00faltimo, invit\u00f3 a toda la gente de la ciudad, de la regi\u00f3n y la provincia a asistir a la emblem\u00e1tica fiesta verense: &#8220;Los espero, no se lo pierdan, realmente vale la pena verlo con los propios ojos, no esperen que te lo cuenten, ven\u00ed, vivilo y sentilo porque realmente vale la pena. En ning\u00fan otro lugar te vas a encontrar un Carnaval como el de Vera, porque Vera es la Capital del Carnaval&#8221;.<\/p>\n<p><iframe loading=\"lazy\" title=\"Paula Mitre: &quot;En ning\u00fan otro lugar vas a encontrar un Carnaval como el de Vera&quot;\" width=\"696\" height=\"392\" src=\"https:\/\/www.youtube.com\/embed\/I9iV-Ljxp0M?feature=oembed\" frameborder=\"0\" allow=\"accelerometer; autoplay; clipboard-write; encrypted-media; gyroscope; picture-in-picture; web-share\" referrerpolicy=\"strict-origin-when-cross-origin\" allowfullscreen><\/iframe><\/p>\n","protected":false},"excerpt":{"rendered":"<p>La intendente de Vera dialog\u00f3 con InfoVera acerca de lo vivido en el fin de semana de apertura de Vera, el Carnaval de Santa Fe, e invit\u00f3 a vivir las dos noches que quedan. &#8220;Vera est\u00e1 viviendo el desarrollo de los Carnavales con la pasi\u00f3n de siempre, hay un entusiasmo, una expectativa, hay clima de [&hellip;]<\/p>\n","protected":false},"author":3,"featured_media":42616,"comment_status":"closed","ping_status":"closed","sticky":false,"template":"","format":"standard","meta":{"_joinchat":[],"footnotes":""},"categories":[53],"tags":[],"class_list":{"0":"post-42615","1":"post","2":"type-post","3":"status-publish","4":"format-standard","5":"has-post-thumbnail","7":"category-vera"},"_links":{"self":[{"href":"https:\/\/infovera.com.ar\/web\/wp-json\/wp\/v2\/posts\/42615","targetHints":{"allow":["GET"]}}],"collection":[{"href":"https:\/\/infovera.com.ar\/web\/wp-json\/wp\/v2\/posts"}],"about":[{"href":"https:\/\/infovera.com.ar\/web\/wp-json\/wp\/v2\/types\/post"}],"author":[{"embeddable":true,"href":"https:\/\/infovera.com.ar\/web\/wp-json\/wp\/v2\/users\/3"}],"replies":[{"embeddable":true,"href":"https:\/\/infovera.com.ar\/web\/wp-json\/wp\/v2\/comments?post=42615"}],"version-history":[{"count":0,"href":"https:\/\/infovera.com.ar\/web\/wp-json\/wp\/v2\/posts\/42615\/revisions"}],"wp:featuredmedia":[{"embeddable":true,"href":"https:\/\/infovera.com.ar\/web\/wp-json\/wp\/v2\/media\/42616"}],"wp:attachment":[{"href":"https:\/\/infovera.com.ar\/web\/wp-json\/wp\/v2\/media?parent=42615"}],"wp:term":[{"taxonomy":"category","embeddable":true,"href":"https:\/\/infovera.com.ar\/web\/wp-json\/wp\/v2\/categories?post=42615"},{"taxonomy":"post_tag","embeddable":true,"href":"https:\/\/infovera.com.ar\/web\/wp-json\/wp\/v2\/tags?post=42615"}],"curies":[{"name":"wp","href":"https:\/\/api.w.org\/{rel}","templated":true}]}}