{"id":42612,"date":"2023-02-17T11:15:06","date_gmt":"2023-02-17T14:15:06","guid":{"rendered":"https:\/\/infovera.com.ar\/web\/?p=42612"},"modified":"2023-02-19T19:16:17","modified_gmt":"2023-02-19T22:16:17","slug":"un-verense-en-la-jura-de-agustin-rossi-como-jefe-de-gabinete-de-ministros-de-nacion","status":"publish","type":"post","link":"https:\/\/infovera.com.ar\/web\/2023\/02\/17\/un-verense-en-la-jura-de-agustin-rossi-como-jefe-de-gabinete-de-ministros-de-nacion\/","title":{"rendered":"Un verense en la jura de Agust\u00edn Rossi como Jefe de Gabinete de Ministros de Naci\u00f3n"},"content":{"rendered":"<p><strong>Se trata del abogado Alejandro Bustos (Oso), quien estuvo invitado por Presidencia de la Naci\u00f3n a dicha asunci\u00f3n.<\/strong><\/p>\n<p>El &#8220;Oso&#8221; Bustos tiene estrecha vinculaci\u00f3n con Agust\u00edn Rossi, adem\u00e1s de ser referente en el Norte de la provincia de la Agrupaci\u00f3n que encabeza el chivo.<\/p>\n<p>El exconcejal de la ciudad de Vera, Dr. Alejandro Bustos, estuvo invitado por Presidencia de la Naci\u00f3n a la asunci\u00f3n de Agust\u00edn Rossi como jefe de gabinete de ministros de la naci\u00f3n.<\/p>\n<p>El presidente Alberto Fern\u00e1ndez le tom\u00f3 este mi\u00e9rcoles juramento como nuevo jefe de Gabinete a Rossi, quien asumi\u00f3 el cargo en reemplazo de Juan Manzur.<\/p>\n<p>&#8220;Agust\u00edn va a trabajar junto a m\u00ed para preservar la unidad&#8221;, expres\u00f3 el jefe de Estado, quien dijo estar &#8220;contento&#8221; de que el funcionario vuelva a estar &#8220;pegado a su despacho&#8221; en la Casa Rosada.<\/p>\n<p>Al despedir a Manzur, Fern\u00e1ndez le expres\u00f3 su &#8220;profunda gratitud&#8221; y lo defini\u00f3 como un &#8220;amigo&#8221; que &#8220;le puso el pecho a las balas&#8221; y &#8220;ayud\u00f3 mucho&#8221; en la gesti\u00f3n.<\/p>\n","protected":false},"excerpt":{"rendered":"<p>Se trata del abogado Alejandro Bustos (Oso), quien estuvo invitado por Presidencia de la Naci\u00f3n a dicha asunci\u00f3n. El &#8220;Oso&#8221; Bustos tiene estrecha vinculaci\u00f3n con Agust\u00edn Rossi, adem\u00e1s de ser referente en el Norte de la provincia de la Agrupaci\u00f3n que encabeza el chivo. El exconcejal de la ciudad de Vera, Dr. Alejandro Bustos, estuvo [&hellip;]<\/p>\n","protected":false},"author":3,"featured_media":42613,"comment_status":"closed","ping_status":"closed","sticky":false,"template":"","format":"standard","meta":{"_joinchat":[],"footnotes":""},"categories":[53],"tags":[],"class_list":{"0":"post-42612","1":"post","2":"type-post","3":"status-publish","4":"format-standard","5":"has-post-thumbnail","7":"category-vera"},"_links":{"self":[{"href":"https:\/\/infovera.com.ar\/web\/wp-json\/wp\/v2\/posts\/42612","targetHints":{"allow":["GET"]}}],"collection":[{"href":"https:\/\/infovera.com.ar\/web\/wp-json\/wp\/v2\/posts"}],"about":[{"href":"https:\/\/infovera.com.ar\/web\/wp-json\/wp\/v2\/types\/post"}],"author":[{"embeddable":true,"href":"https:\/\/infovera.com.ar\/web\/wp-json\/wp\/v2\/users\/3"}],"replies":[{"embeddable":true,"href":"https:\/\/infovera.com.ar\/web\/wp-json\/wp\/v2\/comments?post=42612"}],"version-history":[{"count":0,"href":"https:\/\/infovera.com.ar\/web\/wp-json\/wp\/v2\/posts\/42612\/revisions"}],"wp:featuredmedia":[{"embeddable":true,"href":"https:\/\/infovera.com.ar\/web\/wp-json\/wp\/v2\/media\/42613"}],"wp:attachment":[{"href":"https:\/\/infovera.com.ar\/web\/wp-json\/wp\/v2\/media?parent=42612"}],"wp:term":[{"taxonomy":"category","embeddable":true,"href":"https:\/\/infovera.com.ar\/web\/wp-json\/wp\/v2\/categories?post=42612"},{"taxonomy":"post_tag","embeddable":true,"href":"https:\/\/infovera.com.ar\/web\/wp-json\/wp\/v2\/tags?post=42612"}],"curies":[{"name":"wp","href":"https:\/\/api.w.org\/{rel}","templated":true}]}}