{"id":42518,"date":"2023-02-13T12:29:44","date_gmt":"2023-02-13T15:29:44","guid":{"rendered":"https:\/\/infovera.com.ar\/web\/?p=42518"},"modified":"2023-02-13T12:29:44","modified_gmt":"2023-02-13T15:29:44","slug":"omar-perotti-el-gobierno-nacional-abandona-rosario","status":"publish","type":"post","link":"https:\/\/infovera.com.ar\/web\/2023\/02\/13\/omar-perotti-el-gobierno-nacional-abandona-rosario\/","title":{"rendered":"Omar Perotti: \u201cEl gobierno nacional abandona Rosario\u201d"},"content":{"rendered":"<p><strong>El gobernador santafesino advirti\u00f3 que las declaraciones del ministro An\u00edbal Fern\u00e1ndez, que pidi\u00f3 que el problema lo resuelva la provincia, demuestran que el gobierno nacional abandon\u00f3 Rosario.<\/strong><\/p>\n<p>El gobernador de la provincia Omar Perotti, sostuvo este viernes que \u201cAn\u00edbal Fern\u00e1ndez nos pide que las provincias nos encarguemos de delitos federales como el narcotr\u00e1fico. Eso demuestra que el gobierno nacional abandona Rosario. Solo falta que le pidan a Santa Fe custodiar las fronteras del pa\u00eds para que no entren armas o drogas\u201d.<\/p>\n<p>Adem\u00e1s, Perotti expres\u00f3 que &#8220;est\u00e1 demostrado que con verborragia pol\u00edtica y chicanas tuiteras no se resuelven los problemas de inseguridad en el pa\u00eds. La pelea del ministro no debe ser contra este ni contra ning\u00fan gobernador, sino contra el narcocrimen\u201d.<\/p>\n<p>En el mismo sentido, el gobernador santafesino afirm\u00f3 que \u201cnuestro gobierno seguir\u00e1 trabajando, poniendo todo el esfuerzo, pero si por la frontera del pa\u00eds sigue entrando droga, nadie frenar\u00e1 la inseguridad\u201d.<\/p>\n<p>Perotti se\u00f1al\u00f3 que \u201clos recursos que vuelven a Santa Fe son pocos al lado de lo que aportamos. Si hay una provincia que aporta, que pone miles de millones de d\u00f3lares al gobierno nacional es \u00e9sta, y cuando Santa Fe pide m\u00e1s ayuda para defender a los y a las rosarinas, recibimos agresiones\u201d.<\/p>\n<p><strong>\u201cAn\u00edbal Fern\u00e1ndez sigue sin entender la realidad de Rosario\u201d<\/strong><\/p>\n<p>Cabe recordar que ayer, el gobernador Perotti volvi\u00f3 a solicitar m\u00e1s apoyo al titular de la cartera de Seguridad nacional al asegurar que An\u00edbal Fern\u00e1ndez &#8220;sigue sin entender la realidad que atraviesan Rosario y la provincia desde hace much\u00edsimos a\u00f1os, producto del crimen organizado y el narcotr\u00e1fico\u201d.<\/p>\n<p>Perotti hab\u00eda manifestado que \u201csi esa es toda la ayuda que puede dar, hay que decirle al ministro que no alcanza&#8221;, sostuvo a la salida de un acto realizado este jueves al mediod\u00eda en Funes.<\/p>\n<p>El ministro Fern\u00e1ndez, en declaraciones a medios de prensa en las \u00faltimas horas, neg\u00f3 que haya una escalada de violencia en Rosario. El funcionario neg\u00f3 que desde Naci\u00f3n no se asista a la provincia en la materia, y consider\u00f3 que los cambios en el gobierno provincial no responden a una escalada de violencia generalizada.<\/p>\n<p>Seg\u00fan indic\u00f3, los hechos que se suscitaron recientemente son puntuales y trascienden por su magnitud y alevos\u00eda, pero no responden a una ola de violencia. \u201cNo entendemos que haya una escalada de esas caracter\u00edsticas de violencia\u201d, afirm\u00f3 y agreg\u00f3 que \u201cson hechos de mucha potencia porque es un lugar con complicaciones desde hace tiempo\u201d.<\/p>\n","protected":false},"excerpt":{"rendered":"<p>El gobernador santafesino advirti\u00f3 que las declaraciones del ministro An\u00edbal Fern\u00e1ndez, que pidi\u00f3 que el problema lo resuelva la provincia, demuestran que el gobierno nacional abandon\u00f3 Rosario. El gobernador de la provincia Omar Perotti, sostuvo este viernes que \u201cAn\u00edbal Fern\u00e1ndez nos pide que las provincias nos encarguemos de delitos federales como el narcotr\u00e1fico. Eso demuestra [&hellip;]<\/p>\n","protected":false},"author":3,"featured_media":42520,"comment_status":"closed","ping_status":"closed","sticky":false,"template":"","format":"standard","meta":{"_joinchat":[],"footnotes":""},"categories":[66,60],"tags":[],"class_list":{"0":"post-42518","1":"post","2":"type-post","3":"status-publish","4":"format-standard","5":"has-post-thumbnail","7":"category-politica","8":"category-provinciales"},"_links":{"self":[{"href":"https:\/\/infovera.com.ar\/web\/wp-json\/wp\/v2\/posts\/42518","targetHints":{"allow":["GET"]}}],"collection":[{"href":"https:\/\/infovera.com.ar\/web\/wp-json\/wp\/v2\/posts"}],"about":[{"href":"https:\/\/infovera.com.ar\/web\/wp-json\/wp\/v2\/types\/post"}],"author":[{"embeddable":true,"href":"https:\/\/infovera.com.ar\/web\/wp-json\/wp\/v2\/users\/3"}],"replies":[{"embeddable":true,"href":"https:\/\/infovera.com.ar\/web\/wp-json\/wp\/v2\/comments?post=42518"}],"version-history":[{"count":0,"href":"https:\/\/infovera.com.ar\/web\/wp-json\/wp\/v2\/posts\/42518\/revisions"}],"wp:featuredmedia":[{"embeddable":true,"href":"https:\/\/infovera.com.ar\/web\/wp-json\/wp\/v2\/media\/42520"}],"wp:attachment":[{"href":"https:\/\/infovera.com.ar\/web\/wp-json\/wp\/v2\/media?parent=42518"}],"wp:term":[{"taxonomy":"category","embeddable":true,"href":"https:\/\/infovera.com.ar\/web\/wp-json\/wp\/v2\/categories?post=42518"},{"taxonomy":"post_tag","embeddable":true,"href":"https:\/\/infovera.com.ar\/web\/wp-json\/wp\/v2\/tags?post=42518"}],"curies":[{"name":"wp","href":"https:\/\/api.w.org\/{rel}","templated":true}]}}