{"id":42375,"date":"2023-02-05T20:10:53","date_gmt":"2023-02-05T23:10:53","guid":{"rendered":"https:\/\/infovera.com.ar\/web\/?p=42375"},"modified":"2023-02-06T00:27:53","modified_gmt":"2023-02-06T03:27:53","slug":"copa-federacion-huracan-paso-a-octavos-y-gardel-quedo-afuera-del-certamen","status":"publish","type":"post","link":"https:\/\/infovera.com.ar\/web\/2023\/02\/05\/copa-federacion-huracan-paso-a-octavos-y-gardel-quedo-afuera-del-certamen\/","title":{"rendered":"Copa Federaci\u00f3n: Hurac\u00e1n pas\u00f3 a octavos y Gardel qued\u00f3 afuera del certamen"},"content":{"rendered":"<p><strong>Se jug\u00f3 en la tarde del domingo.<\/strong><\/p>\n<p>Atl\u00e9tico de Tostado elimin\u00f3 a Carlos Gardel de Calchaqu\u00ed tras una nueva victoria, en este caso 3 a 0 de local con dos goles del Reconquistense Kevin Vel\u00e1zquez. La ida de visitante hab\u00eda ganado 4 a 0.<\/p>\n<p>Hurac\u00e1n FC de Vera elimin\u00f3 a Sportivo Ex Alumnos de San Antonio de Obligado 4 a 3 en los penales de local, tras el 1 a 1 en los 90 minutos y el 0 a 0 en la ida de visitante 7 d\u00edas atr\u00e1s.<\/p>\n<p>En tanto, Atl\u00e9tico y Tiro de Reconquista cay\u00f3 en los penales, tras perder 3 a 1 de visitante este domingo 5 de febrero en Villa Ocampo. Hurac\u00e1n FC de Villa Ocampo elimin\u00f3 a Atl\u00e9tico y Tiro Reconquista 3 a 2 en los penales de local, tras el triunfo 3 a 1 en el estadio Juan David Getar, id\u00e9ntico marcador pero en contra de la ida en Reconquista.<\/p>\n<p>Atl\u00e9tico Juventud de Malabrigo se meti\u00f3 en 8vos. de final tras golear de local en el estadio &#8220;El Parque Verde&#8221; 6 a 1 a Atl\u00e9tico River Plate de San Mart\u00edn Norte. La ida de visitante tambi\u00e9n hab\u00eda ganado \u00abEl Lorito\u00bb pero 2 a 1.<\/p>\n<p><strong>Los cruces de octavos<\/strong><\/p>\n<p>Atl\u00e9tico Juventud de Malabrigo vs. Atl\u00e9tico de Tostado<br \/>\nHurac\u00e1n FC de Villa Ocampo vs. Hurac\u00e1n FC de Vera<\/p>\n<p>Foto: El Aguante Deportivo<\/p>\n","protected":false},"excerpt":{"rendered":"<p>Se jug\u00f3 en la tarde del domingo. Atl\u00e9tico de Tostado elimin\u00f3 a Carlos Gardel de Calchaqu\u00ed tras una nueva victoria, en este caso 3 a 0 de local con dos goles del Reconquistense Kevin Vel\u00e1zquez. La ida de visitante hab\u00eda ganado 4 a 0. Hurac\u00e1n FC de Vera elimin\u00f3 a Sportivo Ex Alumnos de San [&hellip;]<\/p>\n","protected":false},"author":3,"featured_media":42376,"comment_status":"closed","ping_status":"closed","sticky":false,"template":"","format":"standard","meta":{"_joinchat":[],"footnotes":""},"categories":[31,56,35],"tags":[],"class_list":{"0":"post-42375","1":"post","2":"type-post","3":"status-publish","4":"format-standard","5":"has-post-thumbnail","7":"category-deportes","8":"category-destacados","9":"category-futbol"},"_links":{"self":[{"href":"https:\/\/infovera.com.ar\/web\/wp-json\/wp\/v2\/posts\/42375","targetHints":{"allow":["GET"]}}],"collection":[{"href":"https:\/\/infovera.com.ar\/web\/wp-json\/wp\/v2\/posts"}],"about":[{"href":"https:\/\/infovera.com.ar\/web\/wp-json\/wp\/v2\/types\/post"}],"author":[{"embeddable":true,"href":"https:\/\/infovera.com.ar\/web\/wp-json\/wp\/v2\/users\/3"}],"replies":[{"embeddable":true,"href":"https:\/\/infovera.com.ar\/web\/wp-json\/wp\/v2\/comments?post=42375"}],"version-history":[{"count":0,"href":"https:\/\/infovera.com.ar\/web\/wp-json\/wp\/v2\/posts\/42375\/revisions"}],"wp:featuredmedia":[{"embeddable":true,"href":"https:\/\/infovera.com.ar\/web\/wp-json\/wp\/v2\/media\/42376"}],"wp:attachment":[{"href":"https:\/\/infovera.com.ar\/web\/wp-json\/wp\/v2\/media?parent=42375"}],"wp:term":[{"taxonomy":"category","embeddable":true,"href":"https:\/\/infovera.com.ar\/web\/wp-json\/wp\/v2\/categories?post=42375"},{"taxonomy":"post_tag","embeddable":true,"href":"https:\/\/infovera.com.ar\/web\/wp-json\/wp\/v2\/tags?post=42375"}],"curies":[{"name":"wp","href":"https:\/\/api.w.org\/{rel}","templated":true}]}}