{"id":42332,"date":"2023-02-04T14:34:04","date_gmt":"2023-02-04T17:34:04","guid":{"rendered":"https:\/\/infovera.com.ar\/web\/?p=42332"},"modified":"2023-02-07T08:17:27","modified_gmt":"2023-02-07T11:17:27","slug":"emergencia-agropecuaria-la-provincia-monitorea-la-situacion-en-los-departamentos-del-norte-provincial","status":"publish","type":"post","link":"https:\/\/infovera.com.ar\/web\/2023\/02\/04\/emergencia-agropecuaria-la-provincia-monitorea-la-situacion-en-los-departamentos-del-norte-provincial\/","title":{"rendered":"Emergencia agropecuaria: la provincia monitorea la situaci\u00f3n en los departamentos del norte provincial"},"content":{"rendered":"<p><strong>Funcionarios provinciales contin\u00faan recorriendo zonas rurales, en esta ocasi\u00f3n, en el departamento Vera. Adem\u00e1s mantuvieron una nueva reuni\u00f3n con la Mesa de Emergencia que coordina, entre actores p\u00fablicos y privados, la asignaci\u00f3n de los recursos provinciales<\/strong>.<\/p>\n<p>En el marco de las acciones que el gobierno provincial viene ejecutando para paliar los efectos de la sequ\u00eda, desde el Ministerio de Producci\u00f3n, Ciencia y Tecnolog\u00eda se viene llevando adelante un trabajo de monitoreo constante de todo el territorio afectado, para evaluar el estado de la producci\u00f3n forrajera, el estado corporal de la hacienda y, fundamentalmente, la disponibilidad de agua para consumo animal. Estas tareas, que se desarrollan semanalmente, previeron este martes y mi\u00e9rcoles la visita de funcionarios de la cartera al departamento Vera.<\/p>\n<p>La secretaria de Agroalimentos, Mar\u00eda Eugenia Carrizo, y el director Provincial de Producci\u00f3n Pecuaria y Aviar, Pablo Fiore recorrieron distintas explotaciones agropecuarias radicadas en zonas rurales aleda\u00f1as a las localidades de Vera, Fort\u00edn Olmos y Fort\u00edn Charr\u00faa. All\u00ed analizaron la producci\u00f3n forrajera tras las \u00faltimas precipitaciones y visitaron a productores para conocer la situaci\u00f3n actual de sus establecimientos.<\/p>\n<p>Vale destacar que el gobierno provincial dispuso un fondo de 55 millones de pesos para el departamento Vera, canalizado a trav\u00e9s de su Sociedad Rural. La direcci\u00f3n de esos recursos se coordina en una Mesa de Emergencia con amplia participaci\u00f3n p\u00fablico privada, integrada por la provincia; la mencionada Sociedad Rural; la fundaci\u00f3n FUNDAPAZ; la Uni\u00f3n de Familias Organizadas de Peque\u00f1os Productores de la Cu\u00f1a Boscosa y los Bajos Submeridionales de Santa Fe (UOCB), y autoridades locales del departamento. Este fondo tiene por objetivo financiar el acarreo de agua para el ganado y el reacondicionamiento de perforaciones.<\/p>\n<p>\u201cA trav\u00e9s del trabajo conjunto que hacemos en la Mesa de Emergencia pudimos detectar de manera directa las necesidades que hay en la regi\u00f3n. Hay un fuerte trabajo de las comunas y municipios de cada localidad del departamento para articular la llegada de los recursos y que as\u00ed el agua para la bebida animal llegue a los productores en el momento que lo necesitan\u201d, mencion\u00f3 Carrizo.<\/p>\n<p>La funcionaria puntualiz\u00f3 adem\u00e1s: &#8220;Este tipo de visitas las hacemos constantemente, para monitorear necesidades y verificar que el acarreo de agua se realice en las condiciones establecidas por la Mesa de Emergencia. Desde el inicio de la emergencia hemos adoptado esta metodolog\u00eda de trabajo que seguiremos llevando adelante porque es lo que necesitan nuestros productores&#8221;.<\/p>\n<p>Adem\u00e1s, la funcionaria puntualiz\u00f3 que durante el recorrido se establecieron zonas de mayor demanda en las que se reforz\u00f3 la asistencia a trav\u00e9s de la contrataci\u00f3n de nuevos camiones cisterna. Por otra parte, agreg\u00f3 que \u201cel ministerio tambi\u00e9n hizo un aporte de 7,5 millones de pesos a la Fundaci\u00f3n Las Gamas, que se destinaron a la compra de 50 cubas para distribuir a los productores que necesiten incrementar la capacidad de almacenaje de agua en los distintos establecimientos productivos\u201d.<\/p>\n<p>Anal\u00eda Vicent\u00edn, presidenta de la UOCB mencion\u00f3: \u201cHasta el momento, todos los parajes que demandan agua, la reciben. Esto es posible a partir de la coordinaci\u00f3n con las comunas\u201d. Adem\u00e1s se refiri\u00f3 al aporte de alimento para el ganado que hizo la provincia a los productores de la agricultura familiar: \u201cPara que esta asistencia llegue a todos, hicimos un relevamiento de datos de todas las familias y, una vez recibido el aporte, hicimos la compra de alimentos que fue distribuido a cada una de las familias de acuerdo a la cantidad de animales que ten\u00edan declarados\u201d.<\/p>\n<p><strong>Angustia<\/strong><\/p>\n<p>El referente de Fundapaz y miembro de la Mesa de Emergencia, Horacio Moschen dijo: \u201cEstamos llevando adelante una articulaci\u00f3n estrecha con todas las comunas y municipios. Hicimos una reuni\u00f3n en la que explicamos los alcances de esta mesa y el trabajo que tendr\u00edamos. Entendemos la angustia y la desesperaci\u00f3n que tienen todos los productores ya que sabemos que el esfuerzo es enorme, sabemos que hay productores que est\u00e1n aislados y hay que hacer tr\u00e1mites previos donde cada uno debe comunicar la necesidad de recibir estos acarreos de agua, pero cabe aclarar que a cada uno se les va a ir dando respuestas\u201d.<\/p>\n<p>En la recorrida por la regi\u00f3n,\u00a0 Pablo Fiore destaca: \u201cEmpezamos a ver una recuperaci\u00f3n incipiente de las pasturas luego de las precipitaciones. Es importante empezar a prepararse para el pr\u00f3ximo invierno, y tomar medidas de manejo como el cierre de potreros y la regulaci\u00f3n de las cargas para darle tiempo de desarrollo a estas pasturas\u201d.<\/p>\n","protected":false},"excerpt":{"rendered":"<p>Funcionarios provinciales contin\u00faan recorriendo zonas rurales, en esta ocasi\u00f3n, en el departamento Vera. Adem\u00e1s mantuvieron una nueva reuni\u00f3n con la Mesa de Emergencia que coordina, entre actores p\u00fablicos y privados, la asignaci\u00f3n de los recursos provinciales. En el marco de las acciones que el gobierno provincial viene ejecutando para paliar los efectos de la sequ\u00eda, [&hellip;]<\/p>\n","protected":false},"author":3,"featured_media":42333,"comment_status":"closed","ping_status":"closed","sticky":false,"template":"","format":"standard","meta":{"_joinchat":[],"footnotes":""},"categories":[51,53],"tags":[],"class_list":{"0":"post-42332","1":"post","2":"type-post","3":"status-publish","4":"format-standard","5":"has-post-thumbnail","7":"category-locales","8":"category-vera"},"_links":{"self":[{"href":"https:\/\/infovera.com.ar\/web\/wp-json\/wp\/v2\/posts\/42332","targetHints":{"allow":["GET"]}}],"collection":[{"href":"https:\/\/infovera.com.ar\/web\/wp-json\/wp\/v2\/posts"}],"about":[{"href":"https:\/\/infovera.com.ar\/web\/wp-json\/wp\/v2\/types\/post"}],"author":[{"embeddable":true,"href":"https:\/\/infovera.com.ar\/web\/wp-json\/wp\/v2\/users\/3"}],"replies":[{"embeddable":true,"href":"https:\/\/infovera.com.ar\/web\/wp-json\/wp\/v2\/comments?post=42332"}],"version-history":[{"count":0,"href":"https:\/\/infovera.com.ar\/web\/wp-json\/wp\/v2\/posts\/42332\/revisions"}],"wp:featuredmedia":[{"embeddable":true,"href":"https:\/\/infovera.com.ar\/web\/wp-json\/wp\/v2\/media\/42333"}],"wp:attachment":[{"href":"https:\/\/infovera.com.ar\/web\/wp-json\/wp\/v2\/media?parent=42332"}],"wp:term":[{"taxonomy":"category","embeddable":true,"href":"https:\/\/infovera.com.ar\/web\/wp-json\/wp\/v2\/categories?post=42332"},{"taxonomy":"post_tag","embeddable":true,"href":"https:\/\/infovera.com.ar\/web\/wp-json\/wp\/v2\/tags?post=42332"}],"curies":[{"name":"wp","href":"https:\/\/api.w.org\/{rel}","templated":true}]}}