{"id":42283,"date":"2023-02-01T18:12:40","date_gmt":"2023-02-01T21:12:40","guid":{"rendered":"https:\/\/infovera.com.ar\/web\/?p=42283"},"modified":"2023-02-01T18:12:40","modified_gmt":"2023-02-01T21:12:40","slug":"el-gobierno-provincial-convoco-a-paritarias","status":"publish","type":"post","link":"https:\/\/infovera.com.ar\/web\/2023\/02\/01\/el-gobierno-provincial-convoco-a-paritarias\/","title":{"rendered":"El gobierno provincial convoc\u00f3 a paritarias"},"content":{"rendered":"<p>El gobierno provincial convoc\u00f3 a paritarias. El jueves 9 de febrero ser\u00e1 el turno de los gremios de la administraci\u00f3n central y docentes; en tanto, el viernes 10 de febrero se reunir\u00e1n con los gremios de los profesionales de la salud.<\/p>\n<p>En ese marco, el ministro de Trabajo y Seguridad Social, Juan Manuel Pusineri, explic\u00f3 que \u201cen el marco de la negociaci\u00f3n colectiva con los trabajadores y representantes de los gremios del sector p\u00fablico provincial y, adem\u00e1s, cumpliendo lo acordado en la reuni\u00f3n paritaria del mes de diciembre, estamos anunciando la semana pr\u00f3xima el inicio de las negociaciones paritarias para las cuestiones salariales y de condiciones de trabajo para este a\u00f1o\u201d.<\/p>\n<p>Seguidamente, el ministro detall\u00f3 que \u201cvamos a estar convocando a los gremios de la administraci\u00f3n central (UPCN y ATE) para el d\u00eda jueves 9 de febrero a las 11 horas; a las 18 horas de ese mismo d\u00eda vamos a convocar a los gremios que representan al sector docente de la provincia de Santa Fe. Por \u00faltimo, el viernes 10 de febrero, a las 11 horas, vamos a estar convocando a los gremios que negocian en el \u00e1mbito de los profesionales de la salud. A su vez, vamos a estar conversando con las empresas que negocian en el \u00e1mbito de la provincia para que vayan combinando las fechas de las reuniones paritarias con los gremios respectivos\u201d.<\/p>\n<p>\u201cLa provincia de Santa Fe apuesta a la negociaci\u00f3n colectiva, reinvindica el espacio de di\u00e1logo colectivo como el mejor \u00e1mbito para darle tratamiento a los derechos de los trabajadores p\u00fablicos y a lo relativo al funcionamiento del Estado\u201d, concluy\u00f3 Pusineri.<\/p>\n","protected":false},"excerpt":{"rendered":"<p>El gobierno provincial convoc\u00f3 a paritarias. El jueves 9 de febrero ser\u00e1 el turno de los gremios de la administraci\u00f3n central y docentes; en tanto, el viernes 10 de febrero se reunir\u00e1n con los gremios de los profesionales de la salud. En ese marco, el ministro de Trabajo y Seguridad Social, Juan Manuel Pusineri, explic\u00f3 [&hellip;]<\/p>\n","protected":false},"author":3,"featured_media":42284,"comment_status":"closed","ping_status":"closed","sticky":false,"template":"","format":"standard","meta":{"_joinchat":[],"footnotes":""},"categories":[60],"tags":[],"class_list":{"0":"post-42283","1":"post","2":"type-post","3":"status-publish","4":"format-standard","5":"has-post-thumbnail","7":"category-provinciales"},"_links":{"self":[{"href":"https:\/\/infovera.com.ar\/web\/wp-json\/wp\/v2\/posts\/42283","targetHints":{"allow":["GET"]}}],"collection":[{"href":"https:\/\/infovera.com.ar\/web\/wp-json\/wp\/v2\/posts"}],"about":[{"href":"https:\/\/infovera.com.ar\/web\/wp-json\/wp\/v2\/types\/post"}],"author":[{"embeddable":true,"href":"https:\/\/infovera.com.ar\/web\/wp-json\/wp\/v2\/users\/3"}],"replies":[{"embeddable":true,"href":"https:\/\/infovera.com.ar\/web\/wp-json\/wp\/v2\/comments?post=42283"}],"version-history":[{"count":0,"href":"https:\/\/infovera.com.ar\/web\/wp-json\/wp\/v2\/posts\/42283\/revisions"}],"wp:featuredmedia":[{"embeddable":true,"href":"https:\/\/infovera.com.ar\/web\/wp-json\/wp\/v2\/media\/42284"}],"wp:attachment":[{"href":"https:\/\/infovera.com.ar\/web\/wp-json\/wp\/v2\/media?parent=42283"}],"wp:term":[{"taxonomy":"category","embeddable":true,"href":"https:\/\/infovera.com.ar\/web\/wp-json\/wp\/v2\/categories?post=42283"},{"taxonomy":"post_tag","embeddable":true,"href":"https:\/\/infovera.com.ar\/web\/wp-json\/wp\/v2\/tags?post=42283"}],"curies":[{"name":"wp","href":"https:\/\/api.w.org\/{rel}","templated":true}]}}