{"id":42231,"date":"2023-01-26T09:35:38","date_gmt":"2023-01-26T12:35:38","guid":{"rendered":"https:\/\/infovera.com.ar\/web\/?p=42231"},"modified":"2023-02-01T22:46:42","modified_gmt":"2023-02-02T01:46:42","slug":"sosa-sobre-la-pileta-para-el-cef-una-gran-satisfaccion-fue-una-obra-incluida-en-el-presupuesto-que-aprobamos","status":"publish","type":"post","link":"https:\/\/infovera.com.ar\/web\/2023\/01\/26\/sosa-sobre-la-pileta-para-el-cef-una-gran-satisfaccion-fue-una-obra-incluida-en-el-presupuesto-que-aprobamos\/","title":{"rendered":"Senador Sosa, sobre la pileta para el CEF: &#8220;Una gran satisfacci\u00f3n, fue una obra incluida en el presupuesto que aprobamos&#8221;"},"content":{"rendered":"<p>En el marco del programa Verano Activo, visit\u00f3 la ciudad de Vera la Ministra de Educaci\u00f3n, Adriana Cantero.<\/p>\n<p>En su recorrido y entrega de elementos deportivos por un mill\u00f3n de pesos para establecimientos educativos, tambi\u00e9n confirmo la construcci\u00f3n de una pileta de nataci\u00f3n para el Centro de Educaci\u00f3n F\u00edsica.<\/p>\n<p>&#8220;Es una gran noticia teniendo en cuenta el viejo anhelo para este Centro, adem\u00e1s de reforzar que este sue\u00f1o ser\u00e1 una realidad, ya que esta misma obra es la que logramos incorporar en el presupuesto provincial como una de las tantas para el departamento Vera&#8221;, destac\u00f3 el senador Osvaldo Sosa.<\/p>\n","protected":false},"excerpt":{"rendered":"<p>En el marco del programa Verano Activo, visit\u00f3 la ciudad de Vera la Ministra de Educaci\u00f3n, Adriana Cantero. En su recorrido y entrega de elementos deportivos por un mill\u00f3n de pesos para establecimientos educativos, tambi\u00e9n confirmo la construcci\u00f3n de una pileta de nataci\u00f3n para el Centro de Educaci\u00f3n F\u00edsica. &#8220;Es una gran noticia teniendo en [&hellip;]<\/p>\n","protected":false},"author":3,"featured_media":42232,"comment_status":"closed","ping_status":"closed","sticky":false,"template":"","format":"standard","meta":{"_joinchat":[],"footnotes":""},"categories":[53],"tags":[],"class_list":{"0":"post-42231","1":"post","2":"type-post","3":"status-publish","4":"format-standard","5":"has-post-thumbnail","7":"category-vera"},"_links":{"self":[{"href":"https:\/\/infovera.com.ar\/web\/wp-json\/wp\/v2\/posts\/42231","targetHints":{"allow":["GET"]}}],"collection":[{"href":"https:\/\/infovera.com.ar\/web\/wp-json\/wp\/v2\/posts"}],"about":[{"href":"https:\/\/infovera.com.ar\/web\/wp-json\/wp\/v2\/types\/post"}],"author":[{"embeddable":true,"href":"https:\/\/infovera.com.ar\/web\/wp-json\/wp\/v2\/users\/3"}],"replies":[{"embeddable":true,"href":"https:\/\/infovera.com.ar\/web\/wp-json\/wp\/v2\/comments?post=42231"}],"version-history":[{"count":0,"href":"https:\/\/infovera.com.ar\/web\/wp-json\/wp\/v2\/posts\/42231\/revisions"}],"wp:featuredmedia":[{"embeddable":true,"href":"https:\/\/infovera.com.ar\/web\/wp-json\/wp\/v2\/media\/42232"}],"wp:attachment":[{"href":"https:\/\/infovera.com.ar\/web\/wp-json\/wp\/v2\/media?parent=42231"}],"wp:term":[{"taxonomy":"category","embeddable":true,"href":"https:\/\/infovera.com.ar\/web\/wp-json\/wp\/v2\/categories?post=42231"},{"taxonomy":"post_tag","embeddable":true,"href":"https:\/\/infovera.com.ar\/web\/wp-json\/wp\/v2\/tags?post=42231"}],"curies":[{"name":"wp","href":"https:\/\/api.w.org\/{rel}","templated":true}]}}