{"id":42215,"date":"2023-01-24T18:45:32","date_gmt":"2023-01-24T21:45:32","guid":{"rendered":"https:\/\/infovera.com.ar\/web\/?p=42215"},"modified":"2023-02-01T22:50:39","modified_gmt":"2023-02-02T01:50:39","slug":"javier-barbona-recibio-a-la-asociacion-pueblos-unidos-por-el-tren","status":"publish","type":"post","link":"https:\/\/infovera.com.ar\/web\/2023\/01\/24\/javier-barbona-recibio-a-la-asociacion-pueblos-unidos-por-el-tren\/","title":{"rendered":"Javier Barbona recibi\u00f3 a la Asociaci\u00f3n \u201cPueblos Unidos por el Tren\u201d"},"content":{"rendered":"<p>Este martes 24 de enero, el Concejal Javier Barbona recibi\u00f3 a los representantes de la mesa normalizadora de La Asociaci\u00f3n Pueblos Unidos Por el Tren, Julio Pomo de Buenos Aires y Juan Carlos Insaurralde de Mercedes Corrientes, adem\u00e1s a Rolando Saucedo, representante de Reconquista &#8211; zona Norte de Santa Fe y a integrantes de la Agrupaci\u00f3n Vivir Para Servir de la Ciudad de Vera.<\/p>\n<p>Al respecto, Barbona expres\u00f3 \u201cen la reuni\u00f3n se habl\u00f3 sobre el Congreso Ferroviario a realizarse en el mes de abril en nuestra ciudad, iniciativa que apoyaremos desde el Bloque Sumemos Esfuerzos, como as\u00ed tambi\u00e9n dialogamos sobre continuar trabajando juntos con referentes de todos los sectores para lograr la aprobaci\u00f3n del proyecto nacional de que el tren vuelva a circular por nuestra zona\u201d.<\/p>\n","protected":false},"excerpt":{"rendered":"<p>Este martes 24 de enero, el Concejal Javier Barbona recibi\u00f3 a los representantes de la mesa normalizadora de La Asociaci\u00f3n Pueblos Unidos Por el Tren, Julio Pomo de Buenos Aires y Juan Carlos Insaurralde de Mercedes Corrientes, adem\u00e1s a Rolando Saucedo, representante de Reconquista &#8211; zona Norte de Santa Fe y a integrantes de la [&hellip;]<\/p>\n","protected":false},"author":3,"featured_media":42216,"comment_status":"closed","ping_status":"closed","sticky":false,"template":"","format":"standard","meta":{"_joinchat":[],"footnotes":""},"categories":[53],"tags":[],"class_list":{"0":"post-42215","1":"post","2":"type-post","3":"status-publish","4":"format-standard","5":"has-post-thumbnail","7":"category-vera"},"_links":{"self":[{"href":"https:\/\/infovera.com.ar\/web\/wp-json\/wp\/v2\/posts\/42215","targetHints":{"allow":["GET"]}}],"collection":[{"href":"https:\/\/infovera.com.ar\/web\/wp-json\/wp\/v2\/posts"}],"about":[{"href":"https:\/\/infovera.com.ar\/web\/wp-json\/wp\/v2\/types\/post"}],"author":[{"embeddable":true,"href":"https:\/\/infovera.com.ar\/web\/wp-json\/wp\/v2\/users\/3"}],"replies":[{"embeddable":true,"href":"https:\/\/infovera.com.ar\/web\/wp-json\/wp\/v2\/comments?post=42215"}],"version-history":[{"count":0,"href":"https:\/\/infovera.com.ar\/web\/wp-json\/wp\/v2\/posts\/42215\/revisions"}],"wp:featuredmedia":[{"embeddable":true,"href":"https:\/\/infovera.com.ar\/web\/wp-json\/wp\/v2\/media\/42216"}],"wp:attachment":[{"href":"https:\/\/infovera.com.ar\/web\/wp-json\/wp\/v2\/media?parent=42215"}],"wp:term":[{"taxonomy":"category","embeddable":true,"href":"https:\/\/infovera.com.ar\/web\/wp-json\/wp\/v2\/categories?post=42215"},{"taxonomy":"post_tag","embeddable":true,"href":"https:\/\/infovera.com.ar\/web\/wp-json\/wp\/v2\/tags?post=42215"}],"curies":[{"name":"wp","href":"https:\/\/api.w.org\/{rel}","templated":true}]}}