{"id":42190,"date":"2023-01-24T12:57:14","date_gmt":"2023-01-24T15:57:14","guid":{"rendered":"https:\/\/infovera.com.ar\/web\/?p=42190"},"modified":"2023-02-01T22:52:11","modified_gmt":"2023-02-02T01:52:11","slug":"la-ministra-cantero-encabezo-la-jornada-de-verano-activo-y-formulo-un-importante-anuncio-para-vera","status":"publish","type":"post","link":"https:\/\/infovera.com.ar\/web\/2023\/01\/24\/la-ministra-cantero-encabezo-la-jornada-de-verano-activo-y-formulo-un-importante-anuncio-para-vera\/","title":{"rendered":"La ministra Cantero encabez\u00f3 la jornada de Verano Activo y formul\u00f3 un importante anuncio para Vera"},"content":{"rendered":"<p><strong>La titular de Educaci\u00f3n de la provincia estuvo presente en la Escuela N\u00ba 440 junto el director provincial de Educaci\u00f3n F\u00edsica Alfredo Giansily y a la intentente Paula Mitre.<\/strong><\/p>\n<p>En la oportunidad, la ministra Adriana Cantero anunci\u00f3 la construcci\u00f3n de la pileta en el Centro de Educaci\u00f3n F\u00edsica de la ciudad.<\/p>\n<p><iframe loading=\"lazy\" title=\"Importante anuncio de la ministra Cantero para Vera.\" width=\"696\" height=\"392\" src=\"https:\/\/www.youtube.com\/embed\/5iDbok092AQ?feature=oembed\" frameborder=\"0\" allow=\"accelerometer; autoplay; clipboard-write; encrypted-media; gyroscope; picture-in-picture; web-share\" referrerpolicy=\"strict-origin-when-cross-origin\" allowfullscreen><\/iframe><\/p>\n<p>&nbsp;<\/p>\n","protected":false},"excerpt":{"rendered":"<p>La titular de Educaci\u00f3n de la provincia estuvo presente en la Escuela N\u00ba 440 junto el director provincial de Educaci\u00f3n F\u00edsica Alfredo Giansily y a la intentente Paula Mitre. En la oportunidad, la ministra Adriana Cantero anunci\u00f3 la construcci\u00f3n de la pileta en el Centro de Educaci\u00f3n F\u00edsica de la ciudad. &nbsp;<\/p>\n","protected":false},"author":3,"featured_media":42191,"comment_status":"closed","ping_status":"closed","sticky":false,"template":"","format":"standard","meta":{"_joinchat":[],"footnotes":""},"categories":[53],"tags":[],"class_list":{"0":"post-42190","1":"post","2":"type-post","3":"status-publish","4":"format-standard","5":"has-post-thumbnail","7":"category-vera"},"_links":{"self":[{"href":"https:\/\/infovera.com.ar\/web\/wp-json\/wp\/v2\/posts\/42190","targetHints":{"allow":["GET"]}}],"collection":[{"href":"https:\/\/infovera.com.ar\/web\/wp-json\/wp\/v2\/posts"}],"about":[{"href":"https:\/\/infovera.com.ar\/web\/wp-json\/wp\/v2\/types\/post"}],"author":[{"embeddable":true,"href":"https:\/\/infovera.com.ar\/web\/wp-json\/wp\/v2\/users\/3"}],"replies":[{"embeddable":true,"href":"https:\/\/infovera.com.ar\/web\/wp-json\/wp\/v2\/comments?post=42190"}],"version-history":[{"count":0,"href":"https:\/\/infovera.com.ar\/web\/wp-json\/wp\/v2\/posts\/42190\/revisions"}],"wp:featuredmedia":[{"embeddable":true,"href":"https:\/\/infovera.com.ar\/web\/wp-json\/wp\/v2\/media\/42191"}],"wp:attachment":[{"href":"https:\/\/infovera.com.ar\/web\/wp-json\/wp\/v2\/media?parent=42190"}],"wp:term":[{"taxonomy":"category","embeddable":true,"href":"https:\/\/infovera.com.ar\/web\/wp-json\/wp\/v2\/categories?post=42190"},{"taxonomy":"post_tag","embeddable":true,"href":"https:\/\/infovera.com.ar\/web\/wp-json\/wp\/v2\/tags?post=42190"}],"curies":[{"name":"wp","href":"https:\/\/api.w.org\/{rel}","templated":true}]}}