{"id":42172,"date":"2023-01-21T12:26:53","date_gmt":"2023-01-21T15:26:53","guid":{"rendered":"https:\/\/infovera.com.ar\/web\/?p=42172"},"modified":"2023-01-24T13:43:56","modified_gmt":"2023-01-24T16:43:56","slug":"la-provincia-instrumenta-una-asistencia-financiera-de-700-millones-para-productores-agropecuarios-afectados-por-la-sequia","status":"publish","type":"post","link":"https:\/\/infovera.com.ar\/web\/2023\/01\/21\/la-provincia-instrumenta-una-asistencia-financiera-de-700-millones-para-productores-agropecuarios-afectados-por-la-sequia\/","title":{"rendered":"La Provincia instrumenta una asistencia financiera de $700 millones para productores agropecuarios afectados por la sequ\u00eda"},"content":{"rendered":"<p>El Gobierno Provincial, a trav\u00e9s del Ministerio de Producci\u00f3n, Ciencia y Tecnolog\u00eda, instrumenta una l\u00ednea de asistencia financiera por un monto total de 700 millones de pesos para aquellos productores afectados por la sequ\u00eda, dedicados a la producci\u00f3n agr\u00edcola extensiva, ganadera (leche-carne) y mixta (agr\u00edcola-ganadera) en todo el territorio santafesino.<\/p>\n<p>La misma se canalizar\u00e1 a trav\u00e9s de las agencias y asociaciones para el desarrollo mediante cr\u00e9ditos de hasta 700 mil pesos por productor, sin intereses y tendr\u00e1 un per\u00edodo de gracia de hasta 12 meses y un plazo de pago de 12 meses incluido el per\u00edodo de gracia. Vale aclarar que tendr\u00e1n prioridad aquellos productores que no recibieron previamente ning\u00fan tipo de asistencia financiera por parte del gobierno provincial.<\/p>\n<p>Los productores interesados en acceder a los aportes tendr\u00e1n tiempo para inscribirse hasta el 3 de febrero de 2023. El tr\u00e1mite se realizar\u00e1 por medio del Sistema de Asistencia Financiera a Productores en Emergencia (AFEM) facilitado en el\u00a0<a href=\"https:\/\/www.santafe.gob.ar\/index.php\/web\/content\/view\/full\/243923\/(subtema)\">Portal de la Provincia de Santa Fe<\/a>\u00a0y publicado en distintos canales de comunicaci\u00f3n. Los productores interesados se podr\u00e1n inscribir directamente en el Sistema AFEM o dirigirse a la asociaci\u00f3n o agencia m\u00e1s cercana a su distrito para ser inscriptos en el Sistema.<\/p>\n<p>Los cr\u00e9ditos estar\u00e1n destinados a la adquisici\u00f3n de insumos y servicios vinculados a la siembra\/resiembra de los cultivos afectados: semillas de ma\u00edz, soja, verdeos, pasturas, combustible, fertilizantes, productos de protecci\u00f3n vegetal, silobolsas, bobinas de hilo para rotoenfardadoras, alambre de fardo, pago de fletes para la provisi\u00f3n de agua y traslado animales, compra de alimentos (forrajes conservados o concentrados), limpieza de represas o mejoras en el aprovisionamiento de agua, entre otros.<\/p>\n<p><strong>REQUISITOS<\/strong><\/p>\n<p>Los productores deber\u00e1n estar registrados en el Registro \u00danico de Producciones Primarias de Santa Fe (RUPP) Decreto Provincial 1724\/2017) previo a la fecha de presentaci\u00f3n de la presente solicitud.<\/p>\n<p><strong>TIPO Y ESCALA DE PRODUCCI\u00d3N DE LOS DESTINATARIOS DE LA ASISTENCIA FINANCIERA<\/strong><\/p>\n<p>-Producci\u00f3n agr\u00edcola extensiva: hasta 300 hect\u00e1reas declaradas como \u201cgranarias\u201d en el RUPP.<\/p>\n<p>-Producci\u00f3n ganadera bovina (leche\/carne): hasta 400 cabezas totales de ganado (seg\u00fan informe de SENASA de acuerdo a lo declarado en el \u00faltimo acta de vacunaci\u00f3n de aftosa).<\/p>\n<p>-Producci\u00f3n mixta (agricultura extensiva\/ganader\u00eda): hasta 200 cabezas totales de ganado bovino (seg\u00fan informe de SENASA de acuerdo a lo declarado en el \u00faltimo acta de vacunaci\u00f3n de aftosa) y hasta 200 hect\u00e1reas de agricultura extensiva declaradas como \u201cgranarias\u201d en el RUPP.<\/p>\n<p><strong>ASOCIACIONES Y AGENCIAS INTERVINIENTES<\/strong><\/p>\n<p>&gt;&gt;Asociaci\u00f3n Civil Agencia para el Desarrollo de Santa Fe y su Regi\u00f3n. Santa Fe. Contacto: 0342 6152255 &#8211; gerencia@adersantafe.org.ar &#8211; mmayo@adersantafe.org.ar<\/p>\n<p>&gt;&gt;Agencia de Desarrollo Regi\u00f3n Rosario. Rosario. Contacto: 0341 4802566 Int. 3 o 0341 3120441- contactoaderr@gmail.com<\/p>\n<p>&gt;&gt;Agencia para el Desarrollo Regional del Departamento San Jer\u00f3nimo. Coronda. Contacto: 03415322727 &#8211; adersjgerencia@gmail.com<\/p>\n<p>&gt;&gt;Asociaci\u00f3n Civil para el Desarrollo y la Innovaci\u00f3n Competitiva. Agencia Rafaela. Contacto: (+54) 03492-570085\/(+54) 03492-15575599 &#8211; info@agencia.org.ar &#8211; dfrana@agencia.org.ar &#8211; dcardoso@agencia.org.ar<\/p>\n<p>&gt;&gt;Asociaci\u00f3n Civil Agencia para el Desarrollo de Esperanza y Regi\u00f3n. Esperanza. Contacto: 03496 544670 &#8211; acader@acader.org.ar<\/p>\n<p>&gt;&gt;Asociaci\u00f3n para el Desarrollo del Centro Sur Santafesino. San Jer\u00f3nimo Sud. Contacto: 0341 2689638 &#8211; info@adercentrosur.com<\/p>\n<p>&gt;&gt;Agencia de Desarrollo del Departamento Constituci\u00f3n. Villa Constituci\u00f3n. Contacto: 03416533053 &#8211; administracion@adecon.org.ar<\/p>\n<p>&gt;&gt;Agencia de Desarrollo Sunchales. Sunchales. Contacto: 03493-437078 &#8211; adesu2011@gmail.com<\/p>\n<p>&gt;&gt;Asociaci\u00f3n para el Desarrollo Regional del Norte del Departamento San Justo. Contacto Cel.: 342 549-0357 &#8211; asocdesarrollosj@gmail.com Comuna La Criolla 03498-496214 &#8211; Comuna P. G. Cello 03483-491020.<\/p>\n<p>&gt;&gt;Asociaci\u00f3n para el desarrollo del Departamento Las Colonias. Esperanza. Contacto: 03496-525142 &#8211; asociacion@lascolonias.org.ar &#8211; luisbailin@hotmail.com<\/p>\n<p>&gt;&gt;Asociaci\u00f3n para el Desarrollo del Departamento Castellanos. Rafaela.\u00a0Contacto: 03492 240890 &#8211; ardcastellanos@gmail.com<\/p>\n<p>&gt;&gt;Asociaci\u00f3n para el Crecimiento y Desarrollo de los Distritos de Monte Vera y Arroyo Aguiar. Monte Vera. Contacto: 342 4673909 &#8211; info@acredema.com.ar &#8211; acredema@hotmail.com<\/p>\n<p>&gt;&gt;Asociaci\u00f3n para el Desarrollo Regional de La Costa. San Javier.\u00a0Contacto: 03405-456941 -adr.delacosta@gmail.com<\/p>\n<p>&gt;&gt;Asociaci\u00f3n para el Desarrollo Econ\u00f3mico y Cultural del Norte del Dpto. La Capital y Sur Del Dpto. San Justo. Contacto: 03498 527437 &#8211; maeugeniamachado@gmail.com &#8211; adec.sanjusto.lacapital@gmail.com<\/p>\n<p>&gt;&gt;Asociaci\u00f3n Civil con Personer\u00eda Jur\u00eddica para el Desarrollo Departamental El Tr\u00e9bol. El Tr\u00e9bol. Contacto: 03401514345 &#8211; asociacionparaeldesarrollosm@gmail.com<\/p>\n<p>&gt;&gt; Asociaci\u00f3n para el Desarrollo Departamento 9 de Julio. Villa Minetti. Contacto: 3491-415690 &#8211; mondinog@hotmail.com<\/p>\n<p>&gt;&gt; Agencia para el Desarrollo Regional de Reconquista. Reconquista. Contacto: 3482- 424535\/503538 &#8211; gerencia@adrrqta.org.ar<\/p>\n<p>&gt;&gt; Agencia para el Desarrollo Regional de San Crist\u00f3bal. San Crist\u00f3bal. Contacto: 3408 &#8211; 672158 &#8211; adesreg@hotmail.com<\/p>\n<p>&gt;&gt; Asociaci\u00f3n para el Desarrollo de Ceres y Hersilia. Ceres. Contacto: 3491-407288 &#8211; melinacervino@yahoo.com.ar\/apdrceres@gmail.com<\/p>\n<p>&gt;&gt; Agencia para la Promoci\u00f3n de la Innovaci\u00f3n Avellaneda. Avellaneda. Contacto: 3482 548218 &#8211; proyectos@agenpia.org<\/p>\n<p>&gt;&gt;Asociaci\u00f3n para el Desarrollo Regional del Noreste Santafesino. Villa Ocampo. Contacto: 3482 676429 &#8211; acmasvo@gmail.com<\/p>\n<p>&gt;&gt; Asociaci\u00f3n para el Desarrollo de Villa Ocampo. Villa Ocampo. Contacto: 3482 574538 &#8211; advillaocampo@gmail.com<\/p>\n<p>&gt;&gt; Asociaci\u00f3n para el Desarrollo de Villa Trinidad y Colonia Ana. Villa Trinidad. Contacto: 3491 589449 &#8211; asocvillatrinidad@vtcc.com.ar \u2013 asociacionvillatrinidad@gmail.com.<\/p>\n<p>&gt;&gt; Asociaci\u00f3n para el Desarrollo Regional de San Guillermo y Zona. San Guillermo. Contacto: 3562 458820 &#8211; asociacion@sanguillermo.com.ar.<\/p>\n<p>&gt;&gt; Asociaci\u00f3n Interdistrital para el Desarrollo Regional. Moises Ville. Contacto: 3409 15667167 &#8211; mcavalero@wilnet.com.ar<\/p>\n<p>&gt;&gt;Fundaci\u00f3n para el Desarrollo de Ca\u00f1ada de G\u00f3mez. Ca\u00f1ada de G\u00f3mez. Contacto: 03471-592668 &#8211; info@fudeca.org.ar &#8211; cordinacion@fudeca.org.ar<\/p>\n<p>&gt;&gt; Centro Regional para el Desarrollo del Sur de Santa Fe. Venado Tuerto. Contacto: 03462-572396 &#8211; centroregional@santafesur.org.ar &#8211; crd@waycom.com.ar<\/p>\n<p>Por consultas o dudas comunicarse con la Coordinaci\u00f3n de la Red de Agencias y Asociaciones para el Desarrollo. Mitre 930- 3er Piso (Rosario). Secretar\u00eda de Desarrollo Territorial y Arraigo. Tel.: 342 5539045 &#8211; redparaeldesarrollo@santafe.gov.ar<\/p>\n","protected":false},"excerpt":{"rendered":"<p>El Gobierno Provincial, a trav\u00e9s del Ministerio de Producci\u00f3n, Ciencia y Tecnolog\u00eda, instrumenta una l\u00ednea de asistencia financiera por un monto total de 700 millones de pesos para aquellos productores afectados por la sequ\u00eda, dedicados a la producci\u00f3n agr\u00edcola extensiva, ganadera (leche-carne) y mixta (agr\u00edcola-ganadera) en todo el territorio santafesino. La misma se canalizar\u00e1 a [&hellip;]<\/p>\n","protected":false},"author":3,"featured_media":42173,"comment_status":"closed","ping_status":"closed","sticky":false,"template":"","format":"standard","meta":{"_joinchat":[],"footnotes":""},"categories":[51],"tags":[],"class_list":{"0":"post-42172","1":"post","2":"type-post","3":"status-publish","4":"format-standard","5":"has-post-thumbnail","7":"category-locales"},"_links":{"self":[{"href":"https:\/\/infovera.com.ar\/web\/wp-json\/wp\/v2\/posts\/42172","targetHints":{"allow":["GET"]}}],"collection":[{"href":"https:\/\/infovera.com.ar\/web\/wp-json\/wp\/v2\/posts"}],"about":[{"href":"https:\/\/infovera.com.ar\/web\/wp-json\/wp\/v2\/types\/post"}],"author":[{"embeddable":true,"href":"https:\/\/infovera.com.ar\/web\/wp-json\/wp\/v2\/users\/3"}],"replies":[{"embeddable":true,"href":"https:\/\/infovera.com.ar\/web\/wp-json\/wp\/v2\/comments?post=42172"}],"version-history":[{"count":0,"href":"https:\/\/infovera.com.ar\/web\/wp-json\/wp\/v2\/posts\/42172\/revisions"}],"wp:featuredmedia":[{"embeddable":true,"href":"https:\/\/infovera.com.ar\/web\/wp-json\/wp\/v2\/media\/42173"}],"wp:attachment":[{"href":"https:\/\/infovera.com.ar\/web\/wp-json\/wp\/v2\/media?parent=42172"}],"wp:term":[{"taxonomy":"category","embeddable":true,"href":"https:\/\/infovera.com.ar\/web\/wp-json\/wp\/v2\/categories?post=42172"},{"taxonomy":"post_tag","embeddable":true,"href":"https:\/\/infovera.com.ar\/web\/wp-json\/wp\/v2\/tags?post=42172"}],"curies":[{"name":"wp","href":"https:\/\/api.w.org\/{rel}","templated":true}]}}