{"id":42062,"date":"2023-01-11T09:27:29","date_gmt":"2023-01-11T12:27:29","guid":{"rendered":"https:\/\/infovera.com.ar\/web\/?p=42062"},"modified":"2023-01-23T18:11:17","modified_gmt":"2023-01-23T21:11:17","slug":"dos-camioneros-de-la-criolla-aprehendidos-por-transportar-soja-sin-justificar-el-origen","status":"publish","type":"post","link":"https:\/\/infovera.com.ar\/web\/2023\/01\/11\/dos-camioneros-de-la-criolla-aprehendidos-por-transportar-soja-sin-justificar-el-origen\/","title":{"rendered":"Dos camioneros de La Criolla aprehendidos por transportar soja sin justificar el origen"},"content":{"rendered":"<p><strong>Cerca de la medianoche del martes, personal policial perteneciente a la Polic\u00eda de Seguridad Vial con asiento en Reconquista, que se encontraba realizando operativo de control vehicular en el Km. 697 de la Ruta Nacional N\u00b0 11, altura Margarita,<\/strong> observ\u00f3 proveniente del norte a dos camiones que detuvieron su marcha doscientos metros antes del lugar del operativo en desarrollo.<\/p>\n<p>Atento a esto, se dirigieron al lugar.<\/p>\n<p>Una vez all\u00ed entrevistaron al conductor del un Scania, con acoplado tipo semirremolque, el ciudadano Carlos H., de 27 a\u00f1os, domiciliado en la localidad de La Criolla y al conductor del segundo veh\u00edculo, marca Volvo con acoplado, Lucas L., de 23 a\u00f1os, domiciliado en la misma localidad, a quienes les solicitaron la totalidad de la documentaci\u00f3n, tanto personal, como de los veh\u00edculos y de la carga trasportada, manifestando ambos transportar carga de soja, sin especificar kilogramos.<\/p>\n<p>Por lo que se les solicit\u00f3 la Carta de Porte Electr\u00f3nica, (CTE) que acredite su origen, destino y propiedad, declarando no poseer dicha documentaci\u00f3n.<\/p>\n<p>Atento a ello y constatada la anomal\u00eda, los uniformados se comunicaron telef\u00f3nicamente, con el fiscal en turno, quien dispuso el secuestro de las cargas, hasta constatar su real procedencia y titularidad, la aprehensi\u00f3n de ambos conductores y el traslado de las actuaciones a la Secci\u00f3n 33 de la D.G.P.S.R. Los Pumas de la localidad de La Gallareta para continuar con las diligencias de rigor.<\/p>\n","protected":false},"excerpt":{"rendered":"<p>Cerca de la medianoche del martes, personal policial perteneciente a la Polic\u00eda de Seguridad Vial con asiento en Reconquista, que se encontraba realizando operativo de control vehicular en el Km. 697 de la Ruta Nacional N\u00b0 11, altura Margarita, observ\u00f3 proveniente del norte a dos camiones que detuvieron su marcha doscientos metros antes del lugar [&hellip;]<\/p>\n","protected":false},"author":3,"featured_media":42063,"comment_status":"closed","ping_status":"closed","sticky":false,"template":"","format":"standard","meta":{"_joinchat":[],"footnotes":""},"categories":[54,30],"tags":[],"class_list":{"0":"post-42062","1":"post","2":"type-post","3":"status-publish","4":"format-standard","5":"has-post-thumbnail","7":"category-margarita","8":"category-policiales"},"_links":{"self":[{"href":"https:\/\/infovera.com.ar\/web\/wp-json\/wp\/v2\/posts\/42062","targetHints":{"allow":["GET"]}}],"collection":[{"href":"https:\/\/infovera.com.ar\/web\/wp-json\/wp\/v2\/posts"}],"about":[{"href":"https:\/\/infovera.com.ar\/web\/wp-json\/wp\/v2\/types\/post"}],"author":[{"embeddable":true,"href":"https:\/\/infovera.com.ar\/web\/wp-json\/wp\/v2\/users\/3"}],"replies":[{"embeddable":true,"href":"https:\/\/infovera.com.ar\/web\/wp-json\/wp\/v2\/comments?post=42062"}],"version-history":[{"count":0,"href":"https:\/\/infovera.com.ar\/web\/wp-json\/wp\/v2\/posts\/42062\/revisions"}],"wp:featuredmedia":[{"embeddable":true,"href":"https:\/\/infovera.com.ar\/web\/wp-json\/wp\/v2\/media\/42063"}],"wp:attachment":[{"href":"https:\/\/infovera.com.ar\/web\/wp-json\/wp\/v2\/media?parent=42062"}],"wp:term":[{"taxonomy":"category","embeddable":true,"href":"https:\/\/infovera.com.ar\/web\/wp-json\/wp\/v2\/categories?post=42062"},{"taxonomy":"post_tag","embeddable":true,"href":"https:\/\/infovera.com.ar\/web\/wp-json\/wp\/v2\/tags?post=42062"}],"curies":[{"name":"wp","href":"https:\/\/api.w.org\/{rel}","templated":true}]}}