{"id":42023,"date":"2023-01-08T10:55:52","date_gmt":"2023-01-08T13:55:52","guid":{"rendered":"https:\/\/infovera.com.ar\/web\/?p=42023"},"modified":"2023-01-08T10:57:08","modified_gmt":"2023-01-08T13:57:08","slug":"vera-un-joven-trepo-a-la-torre-del-ferrocarril-y-debio-actiar-la-policia","status":"publish","type":"post","link":"https:\/\/infovera.com.ar\/web\/2023\/01\/08\/vera-un-joven-trepo-a-la-torre-del-ferrocarril-y-debio-actiar-la-policia\/","title":{"rendered":"Vera: un joven trep\u00f3 a la torre del ferrocarril y debi\u00f3 intervenir la polic\u00eda"},"content":{"rendered":"<p>En la ma\u00f1ana de este domingo un joven subi\u00f3 a la torre ubicada en el terreno del ferrocarril frente a avenida Corrientes.<\/p>\n<p>La imprudente acci\u00f3n provoc\u00f3 que la polic\u00eda monte un operativo para bajarlo.<\/p>\n<p>Agentes policiales y personal del 107 acudieron al lugar.<\/p>\n<p>Finalmente, baj\u00f3 por sus propios medios<\/p>\n<p><iframe loading=\"lazy\" title=\"Un joven se subi\u00f3 a la torre del ferrocarril en Vera\" width=\"696\" height=\"392\" src=\"https:\/\/www.youtube.com\/embed\/rvH-LNzMwsU?feature=oembed\" frameborder=\"0\" allow=\"accelerometer; autoplay; clipboard-write; encrypted-media; gyroscope; picture-in-picture; web-share\" referrerpolicy=\"strict-origin-when-cross-origin\" allowfullscreen><\/iframe><\/p>\n","protected":false},"excerpt":{"rendered":"<p>En la ma\u00f1ana de este domingo un joven subi\u00f3 a la torre ubicada en el terreno del ferrocarril frente a avenida Corrientes. La imprudente acci\u00f3n provoc\u00f3 que la polic\u00eda monte un operativo para bajarlo. Agentes policiales y personal del 107 acudieron al lugar. Finalmente, baj\u00f3 por sus propios medios<\/p>\n","protected":false},"author":3,"featured_media":42024,"comment_status":"closed","ping_status":"closed","sticky":false,"template":"","format":"standard","meta":{"_joinchat":[],"footnotes":""},"categories":[56],"tags":[],"class_list":{"0":"post-42023","1":"post","2":"type-post","3":"status-publish","4":"format-standard","5":"has-post-thumbnail","7":"category-destacados"},"_links":{"self":[{"href":"https:\/\/infovera.com.ar\/web\/wp-json\/wp\/v2\/posts\/42023","targetHints":{"allow":["GET"]}}],"collection":[{"href":"https:\/\/infovera.com.ar\/web\/wp-json\/wp\/v2\/posts"}],"about":[{"href":"https:\/\/infovera.com.ar\/web\/wp-json\/wp\/v2\/types\/post"}],"author":[{"embeddable":true,"href":"https:\/\/infovera.com.ar\/web\/wp-json\/wp\/v2\/users\/3"}],"replies":[{"embeddable":true,"href":"https:\/\/infovera.com.ar\/web\/wp-json\/wp\/v2\/comments?post=42023"}],"version-history":[{"count":0,"href":"https:\/\/infovera.com.ar\/web\/wp-json\/wp\/v2\/posts\/42023\/revisions"}],"wp:featuredmedia":[{"embeddable":true,"href":"https:\/\/infovera.com.ar\/web\/wp-json\/wp\/v2\/media\/42024"}],"wp:attachment":[{"href":"https:\/\/infovera.com.ar\/web\/wp-json\/wp\/v2\/media?parent=42023"}],"wp:term":[{"taxonomy":"category","embeddable":true,"href":"https:\/\/infovera.com.ar\/web\/wp-json\/wp\/v2\/categories?post=42023"},{"taxonomy":"post_tag","embeddable":true,"href":"https:\/\/infovera.com.ar\/web\/wp-json\/wp\/v2\/tags?post=42023"}],"curies":[{"name":"wp","href":"https:\/\/api.w.org\/{rel}","templated":true}]}}