{"id":42011,"date":"2023-01-06T11:09:26","date_gmt":"2023-01-06T14:09:26","guid":{"rendered":"https:\/\/infovera.com.ar\/web\/?p=42011"},"modified":"2023-01-06T11:09:26","modified_gmt":"2023-01-06T14:09:26","slug":"el-socialismo-consolida-un-mensaje-de-unidad-y-protagonismo-de-cara-a-2023","status":"publish","type":"post","link":"https:\/\/infovera.com.ar\/web\/2023\/01\/06\/el-socialismo-consolida-un-mensaje-de-unidad-y-protagonismo-de-cara-a-2023\/","title":{"rendered":"El socialismo consolida un mensaje de unidad y protagonismo de cara a 2023"},"content":{"rendered":"<p>M\u00e1s de 500 j\u00f3venes de todas las regiones del pa\u00eds y tambi\u00e9n referentes de las juventudes Socialistas de Chile, Uruguay y Paraguay participan del campamento en la ciudad que gobierna Mario Papaleo.<\/p>\n<p>El encuentro, que se realiza hasta el pr\u00f3ximo domingo en el Club del Ex Personal de la Fiat de Sauce Viejo, reuni\u00f3 a 500 j\u00f3venes de todo el pa\u00eds y delegaciones de Chile, Uruguay y Paraguay. Durante estas jornadas compartir\u00e1n actividades de formaci\u00f3n, debates pol\u00edticos y talleres sobre la realidad pol\u00edtica y econ\u00f3mica a nivel nacional, la agenda ambiental, la educaci\u00f3n, la igualdad de g\u00e9nero, entre otros temas.<\/p>\n<p><strong>Acto de apertura\u00a0\u00a0 \u00a0<\/strong><\/p>\n<p>El inicio formal del campamento estuvo a cargo de la presidenta del Partido Socialista, M\u00f3nica Fein, la diputada provincial Clara Garc\u00eda, el ex gobernador Antonio Bonfatti, el intendente de Santa Fe, Emilio Jat\u00f3n, y su par de Sauce Viejo, Mario Papaleo.<\/p>\n<p>A su turno, M\u00f3nica Fein sostuvo que \u201cel socialismo est\u00e1 ante un nuevo desaf\u00edo y tiene que encontrar nuevas maneras de enfrentarlos, de construir un nuevo tiempo, no solo para nuestro partido, sino tambi\u00e9n para nuestro pa\u00eds\u201d.<\/p>\n<p>\u201cUn futuro verdaderamente socialista, democr\u00e1tico y popular, un socialismo renovado que sintonice con la realidad de las juventudes y que siga defendiendo como el primer d\u00eda los derechos de las y los trabajadores\u201d, resalt\u00f3.<\/p>\n<p>En tanto, Clara Garc\u00eda transmiti\u00f3 a las juventudes que \u201ctienen la posibilidad de crear una pol\u00edtica con un di\u00e1logo muy fresco que vuelva a enamorar, que la gente sienta que la pol\u00edtica que llevamos adelante es la que sirve\u201d.<\/p>\n<p>Adem\u00e1s, hizo hincapi\u00e9 en la importancia de \u201cdefender el di\u00e1logo, la alegr\u00eda y honrar el camino socialista y progresista que se ha logrado\u201d y reafirm\u00f3 la oportunidad de demostrar que \u201cafuera est\u00e1 el futuro y lo vamos a construir nosotros y nosotras, los socialistas\u00a0 en cada rinc\u00f3n de la provincia, con la fortaleza y el protagonismo de las juventudes y de las mujeres\u201d, asever\u00f3.<\/p>\n<p>En un apartado de su mensaje dirigido a las mujeres, Garc\u00eda las convoc\u00f3 a &#8220;no detenerse frente a los l\u00edmites, a saltar las barreras, encabezar y a liderar&#8221;.<\/p>\n<p>Asimismo, dijo que &#8220;este es un a\u00f1o en el que habr\u00e1 elecciones. Y el socialismo unido, con la experiencia, los equipos y los proyecto que siempre nos caracterizaron, vamos a protagonizar una propuesta de futuro, que llevar\u00e1 los mejores nombres de hombres y mujeres para competir en cada categor\u00eda electoral&#8221;, asegur\u00f3.<\/p>\n<p>En tanto, Antonio Bonfatti dijo que \u201ctodos venimos con historias y caminos distintos, pero con un mismo sentido que es la de cambiar la realidad para el bienestar de la gente\u201d. Y en ese marco, convoc\u00f3 a seguir profundizando el debate y a seguir promoviendo los programas que puedan contribuir a una Argentina mejor\u201d.<\/p>\n<p>Por su parte, Emilio Jat\u00f3n sostuvo que \u201chay mucho futuro y los j\u00f3venes son los que lo liderar\u00e1n, por lo que es vital que nos ayuden a debatir y a ponernos en un lugar donde podamos llevar adelante todo lo que piensan\u201d y remarc\u00f3 que \u201cen Santa Fe se hacen las cosas como se deben hacer por eso se ve una gran transformaci\u00f3n llegando a lugares en los que nunca estuvo presente el Estado\u201d.<\/p>\n<p>Por \u00faltimo, Mario Papaleo agradeci\u00f3 \u201ca los j\u00f3venes que representan no solo el futuro sino tambi\u00e9n la realidad\u201d. \u201cPara transformar esa realidad deben estudiar, trabajar, y tambi\u00e9n militar, porque la pol\u00edtica es lo que cambia la calidad de vida de la gente. Sue\u00f1en, luchen por sus ideales porque son el presente y el futuro del socialismo\u201d, concluy\u00f3 con su arenga final.<\/p>\n<p>Tambi\u00e9n estuvieron presentes los intendentes de Recreo, Omar Colombo, y de Villa Gobernador G\u00e1lvez, Alberto Ricci; el presidente de la C\u00e1mara de Diputadas y Diputados, Pablo Far\u00edas, los concejales de la ciudad de Santa Fe, Paco Garibaldi, Laura Mondino y Mercedes Benedetti, y los legisladores provinciales Joaqu\u00edn Blanco, Nicol\u00e1s Aimar, y Laura Corgniali. Tambi\u00e9n dirigentes y referentes del Partido Socialista de Santa Fe y de todo el pa\u00eds.<\/p>\n<p><strong>Vuelta al campamento presencial<\/strong><\/p>\n<p>La presidenta de la Juventud Socialista de Argentina y diputada provincial de Santa Fe, Gisel Mahmud, cont\u00f3 que \u201ces el primer campamento presencial despu\u00e9s de la pandemia, por lo que es una gran alegr\u00eda volver a reencontrarnos\u201d.<\/p>\n<p>\u201cTenemos muchas ganas de disfrutar de las distintas actividades, conocer la realidad que se vive a lo largo y a lo ancho de nuestro pa\u00eds, pensar propuestas y acciones para mejorar la realidad que viven millones de j\u00f3venes en argentina, y por supuesto, recargar pilas y trazar agendas para que el socialismo sea protagonista en el 2023\u201d, agreg\u00f3.<\/p>\n<p>\u201cA lo largo de m\u00e1s de 30 a\u00f1os desde que hicimos el primer \u2018enero socialista\u2019 cambiaron muchas cosas en lo social, en lo pol\u00edtico, ni hablar tambi\u00e9n de la tecnolog\u00eda o el cambio clim\u00e1tico en nuestras vidas cotidianas, pero hay algo que no cambia: esta sana y hermosa costumbre de encontrarnos, mirarnos y entusiasmarnos con nuestras ganas de cambiar un poquito el mundo que habitamos\u201d, indic\u00f3 la presidenta de la JS.<\/p>\n<p>\u201cPor eso estamos ac\u00e1, con la agenda de las juventudes, en un \u00e1mbito que es poco com\u00fan para los partidos pol\u00edticos. Somos j\u00f3venes que nos sentimos y queremos ser protagonistas de un nuevo tiempo y de una nueva pol\u00edtica, m\u00e1s cercana y emp\u00e1tica con las problem\u00e1ticas de la gente y, sin dudas, estos van a ser unos d\u00edas incre\u00edbles y muy importantes para el socialismo en un a\u00f1o electoral lleno de desaf\u00edos\u201d concluy\u00f3 Mahmud.<\/p>\n<p><strong>Visitas internacionales<\/strong><\/p>\n<p>Del encuentro tambi\u00e9n participaron Ricardo Lillo, subsecretario internacional del PS Chile y vicepresidente de la Uni\u00f3n Internacional de Juventudes Socialistas (IUSY), Renato Minardi, presidente de las Juventudes Pa\u00eds Solidario de Paraguay, Nicol\u00e1s Wirgman- secretario de Relaciones internacionales de las Juventudes Socialistas de Uruguay y Maximiliano Moran, coordinador general del Grupo PAOLA Am\u00e9rica Latina de la Fundaci\u00f3n Olof Palme de Suecia.<\/p>\n","protected":false},"excerpt":{"rendered":"<p>M\u00e1s de 500 j\u00f3venes de todas las regiones del pa\u00eds y tambi\u00e9n referentes de las juventudes Socialistas de Chile, Uruguay y Paraguay participan del campamento en la ciudad que gobierna Mario Papaleo. El encuentro, que se realiza hasta el pr\u00f3ximo domingo en el Club del Ex Personal de la Fiat de Sauce Viejo, reuni\u00f3 a [&hellip;]<\/p>\n","protected":false},"author":3,"featured_media":42012,"comment_status":"closed","ping_status":"closed","sticky":false,"template":"","format":"standard","meta":{"_joinchat":[],"footnotes":""},"categories":[56],"tags":[],"class_list":{"0":"post-42011","1":"post","2":"type-post","3":"status-publish","4":"format-standard","5":"has-post-thumbnail","7":"category-destacados"},"_links":{"self":[{"href":"https:\/\/infovera.com.ar\/web\/wp-json\/wp\/v2\/posts\/42011","targetHints":{"allow":["GET"]}}],"collection":[{"href":"https:\/\/infovera.com.ar\/web\/wp-json\/wp\/v2\/posts"}],"about":[{"href":"https:\/\/infovera.com.ar\/web\/wp-json\/wp\/v2\/types\/post"}],"author":[{"embeddable":true,"href":"https:\/\/infovera.com.ar\/web\/wp-json\/wp\/v2\/users\/3"}],"replies":[{"embeddable":true,"href":"https:\/\/infovera.com.ar\/web\/wp-json\/wp\/v2\/comments?post=42011"}],"version-history":[{"count":0,"href":"https:\/\/infovera.com.ar\/web\/wp-json\/wp\/v2\/posts\/42011\/revisions"}],"wp:featuredmedia":[{"embeddable":true,"href":"https:\/\/infovera.com.ar\/web\/wp-json\/wp\/v2\/media\/42012"}],"wp:attachment":[{"href":"https:\/\/infovera.com.ar\/web\/wp-json\/wp\/v2\/media?parent=42011"}],"wp:term":[{"taxonomy":"category","embeddable":true,"href":"https:\/\/infovera.com.ar\/web\/wp-json\/wp\/v2\/categories?post=42011"},{"taxonomy":"post_tag","embeddable":true,"href":"https:\/\/infovera.com.ar\/web\/wp-json\/wp\/v2\/tags?post=42011"}],"curies":[{"name":"wp","href":"https:\/\/api.w.org\/{rel}","templated":true}]}}