{"id":42008,"date":"2023-01-05T14:29:17","date_gmt":"2023-01-05T17:29:17","guid":{"rendered":"https:\/\/infovera.com.ar\/web\/?p=42008"},"modified":"2023-01-05T14:29:17","modified_gmt":"2023-01-05T17:29:17","slug":"la-provincia-entrego-aportes-a-productores-de-9-de-julio-afectados-por-la-sequia","status":"publish","type":"post","link":"https:\/\/infovera.com.ar\/web\/2023\/01\/05\/la-provincia-entrego-aportes-a-productores-de-9-de-julio-afectados-por-la-sequia\/","title":{"rendered":"La provincia entreg\u00f3 aportes a productores de 9 de Julio afectados por la sequ\u00eda"},"content":{"rendered":"<p><strong>Con la presencia del ministro Costamagna, 134 ganaderos afectados por la sequ\u00eda recibieron m\u00e1s de 66 millones de pesos a trav\u00e9s de cr\u00e9ditos sin intereses y hasta un a\u00f1o de gracia.<\/strong><\/p>\n<p>En el marco de las distintas acciones que el Ministerio de Producci\u00f3n, Ciencia y Tecnolog\u00eda lleva adelante para abordar los efectos de la Emergencia Agropecuaria por la sequ\u00eda, se realiz\u00f3 este mi\u00e9rcoles en Tostado y Villa Minetti la entrega de un aporte no reintegrable (ANR) por un monto superior a los 66 millones de pesos a la Asociaci\u00f3n para el Desarrollo Regional del departamento 9 de Julio.<\/p>\n<p>La entrega fue encabezada por el ministro de Producci\u00f3n, Ciencia y Tecnolog\u00eda, y se realiz\u00f3 en la Sociedad Rural de Tostado y en el Sal\u00f3n de Uso M\u00faltiple de Villa Minetti con una importante presencia de productores ganaderos.<\/p>\n<p>Con este aporte se otorgaron cr\u00e9ditos de hasta 500 mil pesos sin inter\u00e9s con hasta un a\u00f1o de gracia, y un plazo total de pago de 18 meses a m\u00e1s de 130 peque\u00f1os productores ganaderos bovinos de hasta 300 cabezas destinados a la compra de alimentos, insumos y servicios para la implantaci\u00f3n de pasturas, pago de servicios para provisi\u00f3n de agua, limpieza de represas o mejoras en el aprovisionamiento de agua.<\/p>\n<p>Estos \u00faltimos que accedieron a este financiamiento debieron comprobar que sus producciones se encontraban dentro del territorio santafesino y, adem\u00e1s, estar inscriptos en el Registro \u00danico de Producciones Primarias (RUPP) y contar con hasta 300 cabezas de ganado bovino seg\u00fan el acta de vacunaci\u00f3n del Senasa. Dichos productores son oriundos de las localidades de Esteban Rams, Garabato, Gato Colorado, Gregoria P\u00e9rez de Denis, La Gallareta, Logro\u00f1o, Monte Fiore, Pozo Borrado, San Bernardo, Tostado, Santa Margarita, Vera y Villa Minetti.<\/p>\n<p>Al cabo de la entrega, Costamagna manifest\u00f3: \u201cEstamos atendiendo, ayudando y tratando de mitigar esta compleja situaci\u00f3n que se da en casi toda la provincia y que llega en una \u00e9poca del a\u00f1o en la que se define gran parte de la producci\u00f3n del a\u00f1o entrante. Los aportes que hoy entregamos est\u00e1n destinados a capital de trabajo para recomponer la estructura productiva del norte santafesino. Lo que hoy hacemos es trabajar sobre la urgencia con los productores y las entidades, con soluciones reales a corto plazo. Para nosotros escuchar las necesidades de los productores es fundamental, nos permite orientar pol\u00edticas a futuro\u201d.<\/p>\n<p>En tanto, la secretaria de Agroalimentos, Mar\u00eda Eugenia Carrizo, se\u00f1al\u00f3: \u201cInicialmente, cuando lanzamos esta herramienta, hab\u00edamos asignado un monto total para cuatro departamentos que priorizamos como los m\u00e1s afectados: 9 de julio, Vera, General Obligado y San Crist\u00f3bal. El monto inicial fue de 50 millones y, al d\u00eda de hoy, terminamos aportando con fondos provinciales m\u00e1s de $320 millones de pesos. Esto refleja que hubo una gran demanda y que las herramientas dispuestas por el Gobierno Provincial fueron utilizadas por los productores\u201d.<\/p>\n<p>A su turno, el secretario de Desarrollo Territorial y Arraigo, Fabricio Medina, afirm\u00f3: \u201cEste momento es muy importante para nosotros porque nos permite la cercan\u00eda con los productores. Adem\u00e1s, aprovechamos estos encuentros para atender las demandas y problem\u00e1ticas que manifiesta cada productor. Creemos que esta es la manera de construir las pol\u00edticas p\u00fablicas para este sector&#8221;.<\/p>\n<p>El intendente de Tostado, Enrique Mualem, asegur\u00f3: \u00a0\u201cEsta es una de las respuestas que se plantearon en su momento, un trabajo que hicimos conjuntamente con el Ministerio. Agradezco la predisposici\u00f3n pol\u00edtica y, a partir de la misma, el haber podido recibir tambi\u00e9n el Fondo Algodonero, que fue una necesidad que ten\u00edamos desde hace mucho tiempo\u201d.<\/p>\n<p>El presidente de la Asociaci\u00f3n para el Desarrollo del Departamento 9 de Julio y presidente comunal de Villa Minetti, Gabriel Gentili, detall\u00f3: \u201cHace algunos d\u00edas el Ministerio de Producci\u00f3n, Ciencia y Tecnolog\u00eda nos transfiri\u00f3 un monto de 3 millones de pesos que posibilitan la adquisici\u00f3n de un tanque de 8 mil litros de arrastre que podr\u00e1 ser utilizado por productores de diversas comunas. Esta es una de las respuestas que r\u00e1pidamente nos dan desde el Gobierno Provincial, es por eso que estamos muy agradecidos\u201d.<\/p>\n<p>Adem\u00e1s de las mencionadas autoridades, particip\u00f3 del acto un importante n\u00famero de productores, \u00a0el gerente de la Asociaci\u00f3n para el Desarrollo Regional del Departamento 9 de Julio, Gerardo Mondino; el senador provincial, Ra\u00fal Gramajo y autoridades municipales y comunales.<\/p>\n<p><strong>APORTE NO REINTEGRABLE\u00a0<\/strong><\/p>\n<p>Adem\u00e1s, durante el acto se entreg\u00f3 un aporte no reintegrable (ANR) a la Federaci\u00f3n Agraria Argentina, por un monto total de 5,1 millones de pesos que ser\u00e1n destinados a 80 peque\u00f1os productores de los Departamentos San Crist\u00f3bal y 9 de Julio. El aporte permitir\u00e1 la adquisici\u00f3n de alimento para ganado bovino, ovino, caprino, porcino y de aves.<\/p>\n<p>En la oportunidad, estuvieron, tambi\u00e9n, presidentes e intendentes de localidades aleda\u00f1as; y el senador provincial, Ra\u00fal Gramajo.<\/p>\n","protected":false},"excerpt":{"rendered":"<p>Con la presencia del ministro Costamagna, 134 ganaderos afectados por la sequ\u00eda recibieron m\u00e1s de 66 millones de pesos a trav\u00e9s de cr\u00e9ditos sin intereses y hasta un a\u00f1o de gracia. En el marco de las distintas acciones que el Ministerio de Producci\u00f3n, Ciencia y Tecnolog\u00eda lleva adelante para abordar los efectos de la Emergencia [&hellip;]<\/p>\n","protected":false},"author":3,"featured_media":42009,"comment_status":"closed","ping_status":"closed","sticky":false,"template":"","format":"standard","meta":{"_joinchat":[],"footnotes":""},"categories":[51],"tags":[],"class_list":{"0":"post-42008","1":"post","2":"type-post","3":"status-publish","4":"format-standard","5":"has-post-thumbnail","7":"category-locales"},"_links":{"self":[{"href":"https:\/\/infovera.com.ar\/web\/wp-json\/wp\/v2\/posts\/42008","targetHints":{"allow":["GET"]}}],"collection":[{"href":"https:\/\/infovera.com.ar\/web\/wp-json\/wp\/v2\/posts"}],"about":[{"href":"https:\/\/infovera.com.ar\/web\/wp-json\/wp\/v2\/types\/post"}],"author":[{"embeddable":true,"href":"https:\/\/infovera.com.ar\/web\/wp-json\/wp\/v2\/users\/3"}],"replies":[{"embeddable":true,"href":"https:\/\/infovera.com.ar\/web\/wp-json\/wp\/v2\/comments?post=42008"}],"version-history":[{"count":0,"href":"https:\/\/infovera.com.ar\/web\/wp-json\/wp\/v2\/posts\/42008\/revisions"}],"wp:featuredmedia":[{"embeddable":true,"href":"https:\/\/infovera.com.ar\/web\/wp-json\/wp\/v2\/media\/42009"}],"wp:attachment":[{"href":"https:\/\/infovera.com.ar\/web\/wp-json\/wp\/v2\/media?parent=42008"}],"wp:term":[{"taxonomy":"category","embeddable":true,"href":"https:\/\/infovera.com.ar\/web\/wp-json\/wp\/v2\/categories?post=42008"},{"taxonomy":"post_tag","embeddable":true,"href":"https:\/\/infovera.com.ar\/web\/wp-json\/wp\/v2\/tags?post=42008"}],"curies":[{"name":"wp","href":"https:\/\/api.w.org\/{rel}","templated":true}]}}