{"id":42004,"date":"2023-01-05T11:28:08","date_gmt":"2023-01-05T14:28:08","guid":{"rendered":"https:\/\/infovera.com.ar\/web\/?p=42004"},"modified":"2023-01-05T12:31:22","modified_gmt":"2023-01-05T15:31:22","slug":"catastrofico-miles-de-animales-mueren-de-sed-en-los-campos-santafesinos","status":"publish","type":"post","link":"https:\/\/infovera.com.ar\/web\/2023\/01\/05\/catastrofico-miles-de-animales-mueren-de-sed-en-los-campos-santafesinos\/","title":{"rendered":"Catastr\u00f3fico: miles de animales mueren de sed en los campos santafesinos"},"content":{"rendered":"<div class=\"entry-top\">\n<div class=\"title check-space\" data-color=\"style='background-color:'\">\n<div class=\"mt\">\n<p>En Vera, se multiplican las im\u00e1genes de vacas que se empantanan y se desploman yendo en b\u00fasqueda de agua. Tampoco hay pasto y el estado corporal de la hacienda es muy malo.<\/p>\n<\/div>\n<\/div>\n<\/div>\n<article class=\"entry-body check-space \">La Ni\u00f1a parece haberse ensa\u00f1ado con el sur de Am\u00e9rica. Desde hace tres a\u00f1os castiga duramente a los campos argentinos y cada vez es m\u00e1s impiadosa. En millones de hect\u00e1reas la sequ\u00eda arras\u00f3 con cultivos y pasturas, los productores se ven obligados a deshacerse de su hacienda a falta de agua y pasto y, en estas \u00faltimas semanas,\u00a0<strong>las postales de animales muertos se propagan por distintas regiones del pa\u00eds.<\/strong>En\u00a0<strong>Vera, al norte de Santa Fe<\/strong>, las im\u00e1genes son desoladoras. Vacas escu\u00e1lidas que desfallecen o quedan empantanadas hasta morir mientras intentan llegar, en vano, a alg\u00fan curso de agua que calme su sed.<picture class=\"pointer\"><\/picture>\n<p>&#8220;Los productores ven con impotencia como su ganado se muere en el fango o al sol porque no pueden mantenerse en pie y se resignan a su inexorable final&#8221;, describi\u00f3 <strong>Sebasti\u00e1n Volkart, presidente de la Sociedad Rural de Vera<\/strong>. Algunos\u00a0se ven obligados a degollar a sus animales porque &#8220;una vez que cayeron, por su estado corporal, ya no pueden levantarse m\u00e1s, y de esa manera evitan que sufran una larga agon\u00eda&#8221;, explic\u00f3 el dirigente rural.<picture class=\"pointer\"><\/picture>\n<p>En este triste escenario, los productores se sienten desesperados, abandonados e impotentes por la falta de asistencia del Estado. &#8220;A pesar de las escenas angustiantes y los audios desesperados de la gente, las autoridades pol\u00edticas nunca se hicieron cargo de la situaci\u00f3n,\u00a0<strong>nada los conmueve<\/strong>.\u00a0<strong>La apat\u00eda se convierte en verg\u00fcenza<\/strong>&#8220;, expres\u00f3 Volkart.<picture class=\"pointer\"><\/picture>\n<p>&#8220;Luego de la reuni\u00f3n de los ministros de la producci\u00f3n de las provincias con el secretario de Agricultura, Juan Jos\u00e9 Bahillo, como es costumbre y a pesar de la cr\u00edtica situaci\u00f3n, se sucedieron los \u201canuncios a futuro\u201d, con respuestas que estar\u00edan llegando en febrero del a\u00f1o pr\u00f3ximo. \u00bf Y mientras tanto&#8230;?&#8221;, cuestion\u00f3 el productor.<picture class=\"pointer\"><\/picture>\n<p>Seg\u00fan cont\u00f3, desde la Provincia entregaron Aportes No Reintegrables a\u00a0las comunas damnificadas por la sequ\u00eda para la compra de\u00a0cisternas, una decisi\u00f3n que consider\u00f3 &#8220;arbitraria y hasta dudosa,\u00a0puesto que\u00a0los presidentes comunales siempre le dieron la espalda a los peque\u00f1os productores que est\u00e1n liquidando lo poco que les queda\u201d.<picture class=\"pointer\"><\/picture>\n<p>&#8220;Es como que dejan que el problema llegue a su punto m\u00e1s cr\u00edtico para despu\u00e9s aparecer con una supuesta soluci\u00f3n cuando ya es demasiado tarde, es como dejarte paral\u00edtico y sacarse la foto cuando te entregan la silla de ruedas&#8221;, opin\u00f3 Volkart.<\/p>\n<p>&nbsp;<\/p>\n<div class=\"sp__Normal embed-box embed-body-photo\" data-index=\"7\"><strong><em><picture class=\"pointer\">Clarin.com<\/picture><\/em><\/strong><\/div>\n<\/article>\n","protected":false},"excerpt":{"rendered":"<p>En Vera, se multiplican las im\u00e1genes de vacas que se empantanan y se desploman yendo en b\u00fasqueda de agua. Tampoco hay pasto y el estado corporal de la hacienda es muy malo. La Ni\u00f1a parece haberse ensa\u00f1ado con el sur de Am\u00e9rica. Desde hace tres a\u00f1os castiga duramente a los campos argentinos y cada vez [&hellip;]<\/p>\n","protected":false},"author":3,"featured_media":42005,"comment_status":"closed","ping_status":"closed","sticky":false,"template":"","format":"standard","meta":{"_joinchat":[],"footnotes":""},"categories":[56],"tags":[],"class_list":{"0":"post-42004","1":"post","2":"type-post","3":"status-publish","4":"format-standard","5":"has-post-thumbnail","7":"category-destacados"},"_links":{"self":[{"href":"https:\/\/infovera.com.ar\/web\/wp-json\/wp\/v2\/posts\/42004","targetHints":{"allow":["GET"]}}],"collection":[{"href":"https:\/\/infovera.com.ar\/web\/wp-json\/wp\/v2\/posts"}],"about":[{"href":"https:\/\/infovera.com.ar\/web\/wp-json\/wp\/v2\/types\/post"}],"author":[{"embeddable":true,"href":"https:\/\/infovera.com.ar\/web\/wp-json\/wp\/v2\/users\/3"}],"replies":[{"embeddable":true,"href":"https:\/\/infovera.com.ar\/web\/wp-json\/wp\/v2\/comments?post=42004"}],"version-history":[{"count":0,"href":"https:\/\/infovera.com.ar\/web\/wp-json\/wp\/v2\/posts\/42004\/revisions"}],"wp:featuredmedia":[{"embeddable":true,"href":"https:\/\/infovera.com.ar\/web\/wp-json\/wp\/v2\/media\/42005"}],"wp:attachment":[{"href":"https:\/\/infovera.com.ar\/web\/wp-json\/wp\/v2\/media?parent=42004"}],"wp:term":[{"taxonomy":"category","embeddable":true,"href":"https:\/\/infovera.com.ar\/web\/wp-json\/wp\/v2\/categories?post=42004"},{"taxonomy":"post_tag","embeddable":true,"href":"https:\/\/infovera.com.ar\/web\/wp-json\/wp\/v2\/tags?post=42004"}],"curies":[{"name":"wp","href":"https:\/\/api.w.org\/{rel}","templated":true}]}}