{"id":41997,"date":"2023-01-05T11:20:21","date_gmt":"2023-01-05T14:20:21","guid":{"rendered":"https:\/\/infovera.com.ar\/web\/?p=41997"},"modified":"2023-01-06T18:43:48","modified_gmt":"2023-01-06T21:43:48","slug":"se-realizo-el-sorteo-para-completar-el-jurado-del-concurso-de-autoridades-del-mpa-y-del-sppdp","status":"publish","type":"post","link":"https:\/\/infovera.com.ar\/web\/2023\/01\/05\/se-realizo-el-sorteo-para-completar-el-jurado-del-concurso-de-autoridades-del-mpa-y-del-sppdp\/","title":{"rendered":"Se realiz\u00f3 el sorteo para completar el jurado del concurso de autoridades del MPA y del SPPDP"},"content":{"rendered":"<p>Se realiz\u00f3 este jueves en la sede del Consejo de la Magistratura, en la ciudad de Santa Fe, el sorteo p\u00fablico de miembros titulares y suplentes faltantes a los fines de integrar el Cuerpo Evaluador del concurso de autoridades superiores del Ministerio P\u00fablico de la Acusaci\u00f3n y del Servicio P\u00fablico Provincial de Defensa Penal (Sppdp).<\/p>\n<p>El Cuerpo Evaluador hab\u00eda quedado constituido cuando se inici\u00f3 el concurso, pero nueve de los integrantes desistieron de formar parte proceso, por lo cual se realiz\u00f3 un nuevo sorteo para completar el jurado.<\/p>\n<p>En la oportunidad, el ministro de Gesti\u00f3n P\u00fablica de la provincia, Marcos Corach,\u00a0 expres\u00f3 que \u201cestamos cumpliendo con los pasos para completar los jurados del Ministerio P\u00fablico de la Acusaci\u00f3n y del Servicio P\u00fablico de la Defensa Penal, en el marco de un proceso absolutamente transparente como lo es un sorteo p\u00fablico, para determinar cada uno de los jurados que intervendr\u00e1 en la selecci\u00f3n de los fiscales general y regionales\u201d.<\/p>\n<p>Asimismo, el funcionario explic\u00f3 que \u201cposteriormente, vamos a notificar a cada uno de los jurados sorteados y, de no existir oposici\u00f3n, en cinco d\u00edas el jurado quedar\u00e1 definitivamente completo para que, en febrero, comience la instancia de entrevistas de cada uno de los postulantes\u201d.<\/p>\n<p>Mientras, el subsecretario del Consejo de la Magistratura, Jos\u00e9 Carlos Fern\u00e1ndez Vigil, agreg\u00f3 que al quedar completo el jurado esto permitir\u00e1 dar continuidad al concurso. \u201cEl pr\u00f3ximo paso es la aceptaci\u00f3n de los designados en este acto y, si se da la aceptaci\u00f3n, se conforma el jurado con aquellos que ya estaban m\u00e1s los que fueron sorteados hoy (por este jueves). Posteriormente, se har\u00e1 la publicidad de eso y la admisi\u00f3n de los que ya est\u00e1n presentados para concursar en los distintos estamentos\u201d, detall\u00f3.<\/p>\n<p>En ese sentido, agreg\u00f3 que \u201choy se env\u00edan las designaciones, y cuando tengamos la aceptaci\u00f3n, que son cinco d\u00edas h\u00e1biles, se publica c\u00f3mo qued\u00f3 compuesto el jurado y las admisiones que ya est\u00e1n realizadas\u201d. Asimismo, estim\u00f3 que \u201cen febrero y marzo se podr\u00edan comenzar con las entrevistas y la oposici\u00f3n, que es oral, teniendo en cuenta que el vencimiento de los cargos a cubrir es en abril\u201d.<\/p>\n<p>Del acto participaron, tambi\u00e9n, el fiscal de Estado de la provincia, Rub\u00e9n Weder; la subsecretar\u00eda de Asuntos Legislativos, Mar\u00eda Soledad Senn; y el Director General del Consejo de la Magistratura, Brian Kilgelmann, entre otros.<\/p>\n","protected":false},"excerpt":{"rendered":"<p>Se realiz\u00f3 este jueves en la sede del Consejo de la Magistratura, en la ciudad de Santa Fe, el sorteo p\u00fablico de miembros titulares y suplentes faltantes a los fines de integrar el Cuerpo Evaluador del concurso de autoridades superiores del Ministerio P\u00fablico de la Acusaci\u00f3n y del Servicio P\u00fablico Provincial de Defensa Penal (Sppdp). [&hellip;]<\/p>\n","protected":false},"author":3,"featured_media":41998,"comment_status":"closed","ping_status":"closed","sticky":false,"template":"","format":"standard","meta":{"_joinchat":[],"footnotes":""},"categories":[60],"tags":[],"class_list":{"0":"post-41997","1":"post","2":"type-post","3":"status-publish","4":"format-standard","5":"has-post-thumbnail","7":"category-provinciales"},"_links":{"self":[{"href":"https:\/\/infovera.com.ar\/web\/wp-json\/wp\/v2\/posts\/41997","targetHints":{"allow":["GET"]}}],"collection":[{"href":"https:\/\/infovera.com.ar\/web\/wp-json\/wp\/v2\/posts"}],"about":[{"href":"https:\/\/infovera.com.ar\/web\/wp-json\/wp\/v2\/types\/post"}],"author":[{"embeddable":true,"href":"https:\/\/infovera.com.ar\/web\/wp-json\/wp\/v2\/users\/3"}],"replies":[{"embeddable":true,"href":"https:\/\/infovera.com.ar\/web\/wp-json\/wp\/v2\/comments?post=41997"}],"version-history":[{"count":0,"href":"https:\/\/infovera.com.ar\/web\/wp-json\/wp\/v2\/posts\/41997\/revisions"}],"wp:featuredmedia":[{"embeddable":true,"href":"https:\/\/infovera.com.ar\/web\/wp-json\/wp\/v2\/media\/41998"}],"wp:attachment":[{"href":"https:\/\/infovera.com.ar\/web\/wp-json\/wp\/v2\/media?parent=41997"}],"wp:term":[{"taxonomy":"category","embeddable":true,"href":"https:\/\/infovera.com.ar\/web\/wp-json\/wp\/v2\/categories?post=41997"},{"taxonomy":"post_tag","embeddable":true,"href":"https:\/\/infovera.com.ar\/web\/wp-json\/wp\/v2\/tags?post=41997"}],"curies":[{"name":"wp","href":"https:\/\/api.w.org\/{rel}","templated":true}]}}