{"id":41877,"date":"2022-12-23T11:17:29","date_gmt":"2022-12-23T14:17:29","guid":{"rendered":"https:\/\/infovera.com.ar\/web\/?p=41877"},"modified":"2022-12-23T11:17:29","modified_gmt":"2022-12-23T14:17:29","slug":"santa-fe-ya-cuenta-con-una-oficina-de-migraciones-y-se-ubicara-en-el-correo","status":"publish","type":"post","link":"https:\/\/infovera.com.ar\/web\/2022\/12\/23\/santa-fe-ya-cuenta-con-una-oficina-de-migraciones-y-se-ubicara-en-el-correo\/","title":{"rendered":"Santa Fe ya cuenta con una Oficina de Migraciones y se ubicar\u00e1 en el Correo"},"content":{"rendered":"<div class=\"custom-text text-content styles_paragraph-detail__iq2ji styles_lila-links__fmg8W styles_note-styles__iXm81\">\n<p>La ciudad de Santa Fe ya cuenta con una nueva Oficina de Migraciones para atender la demanda de la capital santafesina y de los departamentos del centro-norte provincial. Pr\u00f3ximamente, funcionar\u00e1 en el edificio del Correo Argentino, en un sector con ingreso por calle Mendoza que est\u00e1 siendo refaccionado.<\/p>\n<\/div>\n<div class=\"custom-text text-content styles_paragraph-detail__iq2ji styles_lila-links__fmg8W styles_note-styles__iXm81\">\n<p>La directora nacional de Migraciones, Florencia Carignano, remarc\u00f3 que hasta ahora, cualquier tr\u00e1mite vinculado al \u00e1rea deb\u00eda hacerse en la delegaci\u00f3n de Rosario. Pero con la creaci\u00f3n de esta Oficina -que fue publicada en el bolet\u00edn oficial nacional el 23 de septiembre de 2022-, se atender\u00e1 no solamente los requerimientos migratorios vinculados al Puerto de Santa Fe y el Aeropuerto de Sauce Viejo, sino que tendr\u00e1 jurisdicci\u00f3n en 10 departamentos.<\/p>\n<div id=\"inline1\" class=\"ad-slot\" data-adtype=\"inline\" data-refresh=\"40\" data-adzonerun=\"1\" data-google-query-id=\"CIa8rO32j_wCFZ6rlQIdKkgLrw\">\n<div id=\"google_ads_iframe_\/21877992475\/ellitoral\/interior_inline1_1__container__\"><\/div>\n<\/div>\n<\/div>\n<div class=\"custom-text text-content styles_paragraph-detail__iq2ji styles_lila-links__fmg8W styles_note-styles__iXm81\">\n<p>&#8220;El AABE (Agencia de Administraci\u00f3n de Bienes del Estado) nos otorg\u00f3 en comodato un espacio del edificio del Correo donde vamos a abrir la oficina&#8221;, confirm\u00f3 Carignano a El Litoral. Y ampli\u00f3 que &#8220;va a funcionar en unos departamentos que est\u00e1n sobre calle Mendoza. Anteriormente se usaban como lugar donde paraba el gerente y es un espacio bastante amplio&#8221;.<\/p>\n<\/div>\n<div class=\"custom-text text-content styles_paragraph-detail__iq2ji styles_lila-links__fmg8W styles_note-styles__iXm81\">\n<p>&#8220;Mediante un convenio que firmamos oportunamente con el gobernador Omar Perotti y la ministra Celia Arena, ellos se comprometieron a refaccionar el lugar, porque tienen mucho inter\u00e9s en que esta Oficina de Migraciones est\u00e9 en Santa Fe. Hay que hacer una inversi\u00f3n importante porque est\u00e1 en bastante mal estado&#8221;, ampli\u00f3 la funcionaria nacional.<\/p>\n<\/div>\n<div class=\"styles_article-image-epi__3jf7y\"><span class=\"styles_image__jbGjN\"><img decoding=\"async\" src=\"https:\/\/www.ellitoral.com\/cdn-cgi\/image\/width=1300\/https:\/\/www.ellitoral.com\/images\/2022\/12\/23\/HsgIxUx-r_870x580__1.jpg\" sizes=\"100vw\" srcset=\"https:\/\/www.ellitoral.com\/cdn-cgi\/image\/width=480\/https:\/\/www.ellitoral.com\/images\/2022\/12\/23\/HsgIxUx-r_870x580__1.jpg 480w, https:\/\/www.ellitoral.com\/cdn-cgi\/image\/width=650\/https:\/\/www.ellitoral.com\/images\/2022\/12\/23\/HsgIxUx-r_870x580__1.jpg 650w, https:\/\/www.ellitoral.com\/cdn-cgi\/image\/width=768\/https:\/\/www.ellitoral.com\/images\/2022\/12\/23\/HsgIxUx-r_870x580__1.jpg 768w, https:\/\/www.ellitoral.com\/cdn-cgi\/image\/width=980\/https:\/\/www.ellitoral.com\/images\/2022\/12\/23\/HsgIxUx-r_870x580__1.jpg 980w, https:\/\/www.ellitoral.com\/cdn-cgi\/image\/width=1024\/https:\/\/www.ellitoral.com\/images\/2022\/12\/23\/HsgIxUx-r_870x580__1.jpg 1024w, https:\/\/www.ellitoral.com\/cdn-cgi\/image\/width=1300\/https:\/\/www.ellitoral.com\/images\/2022\/12\/23\/HsgIxUx-r_870x580__1.jpg 1300w\" alt=\"Florencia Carignano, directora nacional de Migraciones. Cr\u00e9dito: Guillermo Di Salvatore.\" data-nimg=\"responsive\" \/><\/span>Florencia Carignano, directora nacional de Migraciones. Cr\u00e9dito: Guillermo Di Salvatore.<\/p>\n<hr \/>\n<\/div>\n<div class=\"custom-text text-content styles_paragraph-detail__iq2ji styles_lila-links__fmg8W styles_note-styles__iXm81\">\n<p>En un principio, la nueva Oficina va a funcionar con 10 empleados, descomprimiendo la gran afluencia de migrantes residentes en el centro-norte de la provincia que deben movilizarse hasta la delegaci\u00f3n Rosario de la Direcci\u00f3n Nacional de Migraciones. &#8220;Una persona desde Florencia, bien al norte, ten\u00eda que ir hasta el sur a hacer su tr\u00e1mite, perd\u00eda muchas horas y era engorroso, as\u00ed que esta nueva delegaci\u00f3n va a facilitar tanto a todas las personas que quieran vivir en Argentina como al sector empresarial y clubes de f\u00fatbol, cuando traen t\u00e9cnicos, personal o jugadores del exterior, por ejemplo&#8221;, explic\u00f3.<\/p>\n<div id=\"inline2\" class=\"ad-slot\" data-adtype=\"inline\" data-refresh=\"40\" data-adzonerun=\"1\" data-google-query-id=\"CM6Hre32j_wCFXa6lQIdMd0PZA\">\n<div id=\"google_ads_iframe_\/21877992475\/ellitoral\/interior_inline2_1__container__\"><\/div>\n<\/div>\n<\/div>\n<div class=\"custom-text text-content styles_paragraph-detail__iq2ji styles_lila-links__fmg8W styles_note-styles__iXm81\">\n<h3>Tr\u00e1mites<\/h3>\n<\/div>\n<div class=\"custom-text text-content styles_paragraph-detail__iq2ji styles_lila-links__fmg8W styles_note-styles__iXm81\">\n<p>Sobre los tr\u00e1mites que realiza la Oficina, Carignano detall\u00f3 que se ocupa &#8220;de la regularizaci\u00f3n de los papeles migratorios de las personas que vienen a vivir al pa\u00eds, para la obtenci\u00f3n del DNI; recibe los listados del personal t\u00e9cnico del exterior que necesitan venir a empresas de la regi\u00f3n; realiza certificaciones para que la gente se pueda jubilar y por ah\u00ed les est\u00e1 faltando alg\u00fan tr\u00e1mite de Migraciones&#8221;.<\/p>\n<\/div>\n<div class=\"custom-text text-content styles_paragraph-detail__iq2ji styles_lila-links__fmg8W styles_note-styles__iXm81\">\n<p>Estos 10 empleados tambi\u00e9n fueron capacitados como &#8220;inspectores migratorios&#8221;, lo que significa que tienen sellos para poder hacer los ingresos y egresos de personas desde el aeropuerto y el puerto de Santa Fe. &#8220;Entonces, a medida que Sauce Viejo se vaya convirtiendo en internacional y tenga alg\u00fan vuelo regular de l\u00ednea, los inspectores se van a trasladar para hacer los ingresos; ya sea para turismo, negocios, clubes de f\u00fatbol&#8221;, indic\u00f3.<\/p>\n<\/div>\n<div class=\"custom-text text-content styles_paragraph-detail__iq2ji styles_lila-links__fmg8W styles_note-styles__iXm81\">\n<h3>Operativos<\/h3>\n<\/div>\n<div class=\"custom-text text-content styles_paragraph-detail__iq2ji styles_lila-links__fmg8W styles_note-styles__iXm81\">\n<p>Mientras las obras de refacci\u00f3n en las oficinas se llevan a cabo, el personal de Migraciones -que a\u00fan no est\u00e1 en un lugar fijo- se est\u00e1 trasladando a zonas como Monte Vera &#8220;donde hay una comunidad de bolivianos muy importante que atender en cuanto a regularizaci\u00f3n de papeles; fuimos con camionetas de Migraciones, que tienen todo el sistema instalado, a hacer operativos y dar documentos a esa poblaci\u00f3n. Muchos papeles necesitan del Consulado de Bolivia, as\u00ed que fuimos con ellos tambi\u00e9n&#8221;, indic\u00f3 Carignano. Y adujo que &#8220;a medida que uno pone la oferta, surgir\u00e1n m\u00e1s demandas, seguramente&#8221;.<\/p>\n<div id=\"inline3\" class=\"ad-slot\" data-adtype=\"inline\" data-refresh=\"40\" data-adzonerun=\"1\" data-google-query-id=\"CN_Rre32j_wCFQmklQIduWwGpA\">\n<div id=\"google_ads_iframe_\/21877992475\/ellitoral\/interior_inline3_0__container__\"><\/div>\n<div id=\"google_ads_iframe_\/21877992475\/ellitoral\/interior_inline3_1__container__\">La nueva Oficina de Santa Fe atender\u00e1, adem\u00e1s, a Reconquista que tiene un aeropuerto o a Sunchales que tiene vuelos charters de empresas radicadas all\u00ed. &#8220;Ya los empleados de Migraciones estuvieron yendo a Sunchales a trabajar all\u00ed&#8221;, dijo Carignano, y remarc\u00f3 que &#8220;hasta ahora esto se hac\u00eda con un pedido de 72 horas y sucede que muchas veces las empresas necesitan salir ya con los vuelos&#8221;.<\/div>\n<\/div>\n<\/div>\n<div class=\"custom-text text-content styles_paragraph-detail__iq2ji styles_lila-links__fmg8W styles_note-styles__iXm81\">\n<p>Agreg\u00f3 que &#8220;adem\u00e1s la nueva delegaci\u00f3n va a funcionar para Paran\u00e1 porque quedar\u00e1 m\u00e1s cerca desde Santa Fe que desde Concepci\u00f3n del Uruguay, donde hay otra oficina migratoria&#8221;.<\/p>\n<\/div>\n<div class=\"custom-text text-content styles_paragraph-detail__iq2ji styles_lila-links__fmg8W styles_note-styles__iXm81\">\n<h3>Jurisdicci\u00f3n<\/h3>\n<\/div>\n<div class=\"custom-text text-content styles_paragraph-detail__iq2ji styles_lila-links__fmg8W styles_note-styles__iXm81\">\n<p>Los departamentos del centro-norte provincial que est\u00e1n bajo la \u00f3rbita de la nueva Oficina de Migraciones de Santa Fe son: La Capital, Las Colonias, Castellanos, Garay, San Crist\u00f3bal, San Justo, San Javier, 9 de Julio, Vera y General Obligado. En tanto, los departamentos del sur seguir\u00e1n realizando sus tr\u00e1mites en Rosario.<\/p>\n<\/div>\n<div class=\"custom-text text-content styles_paragraph-detail__iq2ji styles_lila-links__fmg8W styles_note-styles__iXm81\">\n<p>Operativo &#8220;mundial&#8221;<\/p>\n<\/div>\n<div class=\"custom-text text-content styles_paragraph-detail__iq2ji styles_lila-links__fmg8W styles_note-styles__iXm81\">\n<p>Para traer al pa\u00eds a los integrantes de la Selecci\u00f3n Argentina de F\u00fatbol que gan\u00f3 el Mundial 2022, Florencia Carignano indic\u00f3 que desde la Direcci\u00f3n Nacional de Migraciones &#8220;hubo que reforzar el operativo, porque llegaron 253 familiares en un vuelo grande, en hora pico donde habitualmente llevan entre 10 y 15 vuelos juntos. As\u00ed que era importante, se trat\u00f3 de agilizar y sali\u00f3 muy bien. Y con la selecci\u00f3n pas\u00f3 lo mismo, a pedido de la AFA los exhibimos del tr\u00e1mite biom\u00e9trico y luego le hicieron migraciones a todo el plantel; tambi\u00e9n sali\u00f3 rapid\u00edsimo, sin inconvenientes ni demoras&#8221;.<\/p>\n<\/div>\n<div class=\"custom-text text-content styles_paragraph-detail__iq2ji styles_lila-links__fmg8W styles_note-styles__iXm81\">\n<p>Asimismo, se\u00f1al\u00f3 que los hinchas argentinos que fueron a Qatar &#8220;est\u00e1n volviendo en distintas conexiones (de vuelos) y cuando llegan ac\u00e1, empiezan a cantar; Ezeiza se convirti\u00f3 en un lugar festivo&#8221;.<\/p>\n<\/div>\n","protected":false},"excerpt":{"rendered":"<p>La ciudad de Santa Fe ya cuenta con una nueva Oficina de Migraciones para atender la demanda de la capital santafesina y de los departamentos del centro-norte provincial. Pr\u00f3ximamente, funcionar\u00e1 en el edificio del Correo Argentino, en un sector con ingreso por calle Mendoza que est\u00e1 siendo refaccionado. La directora nacional de Migraciones, Florencia Carignano, [&hellip;]<\/p>\n","protected":false},"author":3,"featured_media":41878,"comment_status":"closed","ping_status":"closed","sticky":false,"template":"","format":"standard","meta":{"_joinchat":[],"footnotes":""},"categories":[60],"tags":[],"class_list":{"0":"post-41877","1":"post","2":"type-post","3":"status-publish","4":"format-standard","5":"has-post-thumbnail","7":"category-provinciales"},"_links":{"self":[{"href":"https:\/\/infovera.com.ar\/web\/wp-json\/wp\/v2\/posts\/41877","targetHints":{"allow":["GET"]}}],"collection":[{"href":"https:\/\/infovera.com.ar\/web\/wp-json\/wp\/v2\/posts"}],"about":[{"href":"https:\/\/infovera.com.ar\/web\/wp-json\/wp\/v2\/types\/post"}],"author":[{"embeddable":true,"href":"https:\/\/infovera.com.ar\/web\/wp-json\/wp\/v2\/users\/3"}],"replies":[{"embeddable":true,"href":"https:\/\/infovera.com.ar\/web\/wp-json\/wp\/v2\/comments?post=41877"}],"version-history":[{"count":0,"href":"https:\/\/infovera.com.ar\/web\/wp-json\/wp\/v2\/posts\/41877\/revisions"}],"wp:featuredmedia":[{"embeddable":true,"href":"https:\/\/infovera.com.ar\/web\/wp-json\/wp\/v2\/media\/41878"}],"wp:attachment":[{"href":"https:\/\/infovera.com.ar\/web\/wp-json\/wp\/v2\/media?parent=41877"}],"wp:term":[{"taxonomy":"category","embeddable":true,"href":"https:\/\/infovera.com.ar\/web\/wp-json\/wp\/v2\/categories?post=41877"},{"taxonomy":"post_tag","embeddable":true,"href":"https:\/\/infovera.com.ar\/web\/wp-json\/wp\/v2\/tags?post=41877"}],"curies":[{"name":"wp","href":"https:\/\/api.w.org\/{rel}","templated":true}]}}