{"id":41874,"date":"2022-12-23T10:04:50","date_gmt":"2022-12-23T13:04:50","guid":{"rendered":"https:\/\/infovera.com.ar\/web\/?p=41874"},"modified":"2022-12-26T18:18:03","modified_gmt":"2022-12-26T21:18:03","slug":"aprobaron-la-renovacion-de-cloacas-para-toda-la-zona-centro-de-vera","status":"publish","type":"post","link":"https:\/\/infovera.com.ar\/web\/2022\/12\/23\/aprobaron-la-renovacion-de-cloacas-para-toda-la-zona-centro-de-vera\/","title":{"rendered":"Aprobaron la renovaci\u00f3n de cloacas para toda la zona centro de Vera"},"content":{"rendered":"<p>La Intendente Municipal, Paula Mitre, firmo hoy con el ENOHSA, un convenio marco que dispone aprobar la gesti\u00f3n realizada por la titular del Ejecutivo Municipal de Vera, que resolver\u00e1 el hist\u00f3rico problema de cloacas de la zona centro de nuestra ciudad.<\/p>\n<p>La obra que estipula una inversi\u00f3n de m\u00e1s de $ 500.000.000 comprender\u00e1 un per\u00edmetro de casi 40 manzanas donde la red suma dificultades en gran parte de su entramado como derrame y obstrucci\u00f3n ante el deterioro por el tipo de material y las d\u00e9cadas que suman de su construcci\u00f3n.<\/p>\n<p>Una gesti\u00f3n que se inicia en los primeros meses de gobierno, hoy se hace realidad a trav\u00e9s del programa \u201cArgentina Hace\u201d, y se suma a las ya realizadas y a las que est\u00e1n en marcha desde 2020.<\/p>\n<p>La Intendente Paula Mitre se\u00f1al\u00f3 \u201choy celebramos con entusiasmo la firma de este convenio, porque no solo viene a resolver un problema de infraestructura hist\u00f3rico que afecta a cientos de vecinos de este lugar del ejido urbano, sino que sumado a todo lo hecho y lo que se est\u00e1 realizando tanto en nueva ca\u00f1er\u00eda, c\u00e1maras y estaciones elevadoras, nos acerca cada d\u00eda a la reducci\u00f3n integral de un problema estructural que tiene Vera en relaci\u00f3n de afluentes cloacales, acerc\u00e1ndonos as\u00ed a una mejor calidad de vida y al cuidado de la salud de la poblaci\u00f3n.<\/p>\n<p>Son obras costosas y que no se ven, van bajo tierra, pero son el pilar fundamental de cualquier comunidad que pretenda desarrollarse y contribuir al futuro con progreso.<\/p>\n<p>Los verenses unidos estamos logrando inversiones de muy alto impacto y eso nos debe elevar la autoestima y sentirnos orgullosos de los logros que estamos consiguiendo, pasito a pasito, pero siempre hacia adelante\u201d.<\/p>\n","protected":false},"excerpt":{"rendered":"<p>La Intendente Municipal, Paula Mitre, firmo hoy con el ENOHSA, un convenio marco que dispone aprobar la gesti\u00f3n realizada por la titular del Ejecutivo Municipal de Vera, que resolver\u00e1 el hist\u00f3rico problema de cloacas de la zona centro de nuestra ciudad. La obra que estipula una inversi\u00f3n de m\u00e1s de $ 500.000.000 comprender\u00e1 un per\u00edmetro [&hellip;]<\/p>\n","protected":false},"author":3,"featured_media":41875,"comment_status":"closed","ping_status":"closed","sticky":false,"template":"","format":"standard","meta":{"_joinchat":[],"footnotes":""},"categories":[53],"tags":[],"class_list":{"0":"post-41874","1":"post","2":"type-post","3":"status-publish","4":"format-standard","5":"has-post-thumbnail","7":"category-vera"},"_links":{"self":[{"href":"https:\/\/infovera.com.ar\/web\/wp-json\/wp\/v2\/posts\/41874","targetHints":{"allow":["GET"]}}],"collection":[{"href":"https:\/\/infovera.com.ar\/web\/wp-json\/wp\/v2\/posts"}],"about":[{"href":"https:\/\/infovera.com.ar\/web\/wp-json\/wp\/v2\/types\/post"}],"author":[{"embeddable":true,"href":"https:\/\/infovera.com.ar\/web\/wp-json\/wp\/v2\/users\/3"}],"replies":[{"embeddable":true,"href":"https:\/\/infovera.com.ar\/web\/wp-json\/wp\/v2\/comments?post=41874"}],"version-history":[{"count":0,"href":"https:\/\/infovera.com.ar\/web\/wp-json\/wp\/v2\/posts\/41874\/revisions"}],"wp:featuredmedia":[{"embeddable":true,"href":"https:\/\/infovera.com.ar\/web\/wp-json\/wp\/v2\/media\/41875"}],"wp:attachment":[{"href":"https:\/\/infovera.com.ar\/web\/wp-json\/wp\/v2\/media?parent=41874"}],"wp:term":[{"taxonomy":"category","embeddable":true,"href":"https:\/\/infovera.com.ar\/web\/wp-json\/wp\/v2\/categories?post=41874"},{"taxonomy":"post_tag","embeddable":true,"href":"https:\/\/infovera.com.ar\/web\/wp-json\/wp\/v2\/tags?post=41874"}],"curies":[{"name":"wp","href":"https:\/\/api.w.org\/{rel}","templated":true}]}}