{"id":41696,"date":"2022-12-08T10:37:14","date_gmt":"2022-12-08T13:37:14","guid":{"rendered":"https:\/\/infovera.com.ar\/web\/?p=41696"},"modified":"2022-12-08T10:37:14","modified_gmt":"2022-12-08T13:37:14","slug":"2-657-mw-nuevo-registro-historico-en-la-provincia-de-santa-fe-de-demanda","status":"publish","type":"post","link":"https:\/\/infovera.com.ar\/web\/2022\/12\/08\/2-657-mw-nuevo-registro-historico-en-la-provincia-de-santa-fe-de-demanda\/","title":{"rendered":"2.657 MW: nuevo registro hist\u00f3rico en la Provincia de Santa Fe de demanda"},"content":{"rendered":"<p>La EPE informa que este mi\u00e9rcoles se registr\u00f3 un nuevo r\u00e9cord de demanda de potencia en el sistema el\u00e9ctrico en la Provincia de Santa Fe, alcanzando a las 14:35 una marca de 2.657 MW. Es el segundo dato en esta jornada, que supera pasado el mediod\u00eda.<\/p>\n<p>Estos datos se dan en un contexto del tercer fen\u00f3meno anual consecutivo conocido como La Ni\u00f1a, de sequ\u00eda y la segunda ola de calor de la temporada, con t\u00e9rmicas que superan los 40\u00b0 de temperatura.<\/p>\n<p>Una ola de calor, seg\u00fan el Servicio Meteorol\u00f3gico Nacional, se define como un per\u00edodo excesivamente c\u00e1lido en el cual las temperaturas m\u00e1ximas y m\u00ednimas superan, por lo menos durante 3 d\u00edas consecutivos y en forma simult\u00e1nea, ciertos valores que dependen de cada localidad.<\/p>\n<p>Una vez m\u00e1s, la empresa comprende la situaci\u00f3n de los usuarios que tienen restricci\u00f3n del servicio y sus cuadrillas trabajan permanentemente para normalizar el abastecimiento de energ\u00eda, en el menor tiempo posible.<\/p>\n<p>La EPE recuerda las v\u00edas de comunicaci\u00f3n para dejar reclamos t\u00e9cnicos: 0800 777 4444, mensajes de texto al 22215, luz espacio y el n\u00ba de usuario, whatsapp al 342 5101000, chatbox \/epeoficial, oficina virtual y la web www.epe.santafe.gov.ar.<\/p>\n","protected":false},"excerpt":{"rendered":"<p>La EPE informa que este mi\u00e9rcoles se registr\u00f3 un nuevo r\u00e9cord de demanda de potencia en el sistema el\u00e9ctrico en la Provincia de Santa Fe, alcanzando a las 14:35 una marca de 2.657 MW. Es el segundo dato en esta jornada, que supera pasado el mediod\u00eda. Estos datos se dan en un contexto del tercer [&hellip;]<\/p>\n","protected":false},"author":3,"featured_media":41697,"comment_status":"closed","ping_status":"closed","sticky":false,"template":"","format":"standard","meta":{"_joinchat":[],"footnotes":""},"categories":[60],"tags":[],"class_list":{"0":"post-41696","1":"post","2":"type-post","3":"status-publish","4":"format-standard","5":"has-post-thumbnail","7":"category-provinciales"},"_links":{"self":[{"href":"https:\/\/infovera.com.ar\/web\/wp-json\/wp\/v2\/posts\/41696","targetHints":{"allow":["GET"]}}],"collection":[{"href":"https:\/\/infovera.com.ar\/web\/wp-json\/wp\/v2\/posts"}],"about":[{"href":"https:\/\/infovera.com.ar\/web\/wp-json\/wp\/v2\/types\/post"}],"author":[{"embeddable":true,"href":"https:\/\/infovera.com.ar\/web\/wp-json\/wp\/v2\/users\/3"}],"replies":[{"embeddable":true,"href":"https:\/\/infovera.com.ar\/web\/wp-json\/wp\/v2\/comments?post=41696"}],"version-history":[{"count":0,"href":"https:\/\/infovera.com.ar\/web\/wp-json\/wp\/v2\/posts\/41696\/revisions"}],"wp:featuredmedia":[{"embeddable":true,"href":"https:\/\/infovera.com.ar\/web\/wp-json\/wp\/v2\/media\/41697"}],"wp:attachment":[{"href":"https:\/\/infovera.com.ar\/web\/wp-json\/wp\/v2\/media?parent=41696"}],"wp:term":[{"taxonomy":"category","embeddable":true,"href":"https:\/\/infovera.com.ar\/web\/wp-json\/wp\/v2\/categories?post=41696"},{"taxonomy":"post_tag","embeddable":true,"href":"https:\/\/infovera.com.ar\/web\/wp-json\/wp\/v2\/tags?post=41696"}],"curies":[{"name":"wp","href":"https:\/\/api.w.org\/{rel}","templated":true}]}}