{"id":41692,"date":"2022-12-08T10:32:08","date_gmt":"2022-12-08T13:32:08","guid":{"rendered":"https:\/\/infovera.com.ar\/web\/?p=41692"},"modified":"2022-12-08T10:32:08","modified_gmt":"2022-12-08T13:32:08","slug":"ante-la-ausencia-del-estado-productores-de-unen-por-la-sequia","status":"publish","type":"post","link":"https:\/\/infovera.com.ar\/web\/2022\/12\/08\/ante-la-ausencia-del-estado-productores-de-unen-por-la-sequia\/","title":{"rendered":"Ante la ausencia del Estado, productores de unen por la sequ\u00eda"},"content":{"rendered":"<p>Yolanda Arce es t\u00e9cnica en gesti\u00f3n ambiental y, ante la ausencia del Estado, se puso al frente de un grupo de peque\u00f1os productores para asistirlos ante la sequ\u00eda que azota al norte santafesino.<\/p>\n<p>En la zona de Fort\u00edn Olmos y parajes aleda\u00f1os, Yolanda inici\u00f3 una campa\u00f1a de recolecci\u00f3n de tachos para distribuir agua a los vecinos.<\/p>\n<p>La idea tuvo una buena repercusi\u00f3n y logr\u00f3 la donaci\u00f3n de 20 unidades de gran capacidad de parte de algunas entidades y particulares sensibilizados por la situaci\u00f3n.<\/p>\n<p>\u201cEn la ma\u00f1ana de hoy comenz\u00f3 la entrega del vital elemento a los pobladores de esta zona pero el desaf\u00edo es llegar tambi\u00e9n a las localidades de m\u00e1s al norte donde la situaci\u00f3n puede estar peor\u201d, se\u00f1al\u00f3.<\/p>\n<p>\u201cTenemos una asociaci\u00f3n de Peque\u00f1os Productores que se conform\u00f3 hace poco y bueno la seguiremos peleando, luchando para que en alg\u00fan momento los gobiernos sepan que los peque\u00f1os productores existen\u201d, expres\u00f3 Yolanda en su red social, totalmente convencida que \u201cla uni\u00f3n hace la fuerza\u201d.<\/p>\n<p>Por qu\u00e9 llor\u00e1s abuela???<\/p>\n<p>Los audios reflejan el drama que viven los peque\u00f1os productores de la Cu\u00f1a Boscosa ante la pasividad de quienes deber\u00edan acudir en su ayuda y no lo hacen porque \u201cno hay fondos\u201d.<\/p>\n<p>Una mujer relata la \u201ctristeza ante la impotencia de ver c\u00f3mo los animales esperan resignadamente su inexorable final\u201d, ante la apat\u00eda de quienes, evidentemente, tienen otras prioridades.<\/p>\n<p>&nbsp;<\/p>\n<p><strong>Letyana Press<\/strong><\/p>\n<p><strong><a href=\"https:\/\/infovera.com.ar\/web\/wp-content\/uploads\/2022\/12\/T2.jpg\"><img loading=\"lazy\" decoding=\"async\" class=\"alignleft size-full wp-image-41693\" src=\"https:\/\/infovera.com.ar\/web\/wp-content\/uploads\/2022\/12\/T2.jpg\" alt=\"\" width=\"1280\" height=\"960\" srcset=\"https:\/\/infovera.com.ar\/web\/wp-content\/uploads\/2022\/12\/T2.jpg 1280w, https:\/\/infovera.com.ar\/web\/wp-content\/uploads\/2022\/12\/T2-696x522.jpg 696w, https:\/\/infovera.com.ar\/web\/wp-content\/uploads\/2022\/12\/T2-1068x801.jpg 1068w, https:\/\/infovera.com.ar\/web\/wp-content\/uploads\/2022\/12\/T2-560x420.jpg 560w, https:\/\/infovera.com.ar\/web\/wp-content\/uploads\/2022\/12\/T2-80x60.jpg 80w, https:\/\/infovera.com.ar\/web\/wp-content\/uploads\/2022\/12\/T2-265x198.jpg 265w\" sizes=\"auto, (max-width: 1280px) 100vw, 1280px\" \/><\/a><\/strong><\/p>\n<p><strong>\u00a0<\/strong><\/p>\n","protected":false},"excerpt":{"rendered":"<p>Yolanda Arce es t\u00e9cnica en gesti\u00f3n ambiental y, ante la ausencia del Estado, se puso al frente de un grupo de peque\u00f1os productores para asistirlos ante la sequ\u00eda que azota al norte santafesino. En la zona de Fort\u00edn Olmos y parajes aleda\u00f1os, Yolanda inici\u00f3 una campa\u00f1a de recolecci\u00f3n de tachos para distribuir agua a los [&hellip;]<\/p>\n","protected":false},"author":3,"featured_media":41694,"comment_status":"closed","ping_status":"closed","sticky":false,"template":"","format":"standard","meta":{"_joinchat":[],"footnotes":""},"categories":[61],"tags":[],"class_list":{"0":"post-41692","1":"post","2":"type-post","3":"status-publish","4":"format-standard","5":"has-post-thumbnail","7":"category-regionales"},"_links":{"self":[{"href":"https:\/\/infovera.com.ar\/web\/wp-json\/wp\/v2\/posts\/41692","targetHints":{"allow":["GET"]}}],"collection":[{"href":"https:\/\/infovera.com.ar\/web\/wp-json\/wp\/v2\/posts"}],"about":[{"href":"https:\/\/infovera.com.ar\/web\/wp-json\/wp\/v2\/types\/post"}],"author":[{"embeddable":true,"href":"https:\/\/infovera.com.ar\/web\/wp-json\/wp\/v2\/users\/3"}],"replies":[{"embeddable":true,"href":"https:\/\/infovera.com.ar\/web\/wp-json\/wp\/v2\/comments?post=41692"}],"version-history":[{"count":0,"href":"https:\/\/infovera.com.ar\/web\/wp-json\/wp\/v2\/posts\/41692\/revisions"}],"wp:featuredmedia":[{"embeddable":true,"href":"https:\/\/infovera.com.ar\/web\/wp-json\/wp\/v2\/media\/41694"}],"wp:attachment":[{"href":"https:\/\/infovera.com.ar\/web\/wp-json\/wp\/v2\/media?parent=41692"}],"wp:term":[{"taxonomy":"category","embeddable":true,"href":"https:\/\/infovera.com.ar\/web\/wp-json\/wp\/v2\/categories?post=41692"},{"taxonomy":"post_tag","embeddable":true,"href":"https:\/\/infovera.com.ar\/web\/wp-json\/wp\/v2\/tags?post=41692"}],"curies":[{"name":"wp","href":"https:\/\/api.w.org\/{rel}","templated":true}]}}