{"id":41674,"date":"2022-12-06T13:33:42","date_gmt":"2022-12-06T16:33:42","guid":{"rendered":"https:\/\/infovera.com.ar\/web\/?p=41674"},"modified":"2022-12-06T13:33:42","modified_gmt":"2022-12-06T16:33:42","slug":"corte-de-agua-programado-para-el-miercoles-en-vera","status":"publish","type":"post","link":"https:\/\/infovera.com.ar\/web\/2022\/12\/06\/corte-de-agua-programado-para-el-miercoles-en-vera\/","title":{"rendered":"Corte de agua programado para el mi\u00e9rcoles en Vera"},"content":{"rendered":"<p><strong>La Cooperativa de Provisi\u00f3n, de Obras y Servicios Publicos de Vera (Co.S.Ve.L.) comunica a la poblaci\u00f3n que el d\u00eda mi\u00e9rcoles 7 del corriente mes se proceder\u00e1 a efectuar un corte<\/strong> en el servicio de Agua Potable a partir de las 06:30 hasta las 10:00 horas, en el sector este de la ciudad, comprendido entre las calles 1\u00b0 de Mayo hasta Ruta Nac. 11 y Mendoza hasta L.N. Alem; con el fin de realizar trabajos para modificar la traza de ca\u00f1er\u00eda en calle C\u00f3rdoba, afectado a la obra de cord\u00f3n cuneta que se est\u00e1 ejecutando.<\/p>\n<p>Atento a lo informado, se sugiere a los se\u00f1ores usuarios \u201cabastecerse de agua potable y cerrar la llave de paso para que no ingrese agua turbia al domicilio durante el periodo indicado\u201d. Reestablecido el servicio, abrir la llave de paso y dejar circular el agua durante 3 o 4 minutos y el servicio quedara normalizado.<\/p>\n<p>Se agradece sepan disculpar las molestias que estos trabajos puedan ocasionar.<\/p>\n<p>&nbsp;<\/p>\n<p>VERA, 06 de Diciembre de 2022<\/p>\n","protected":false},"excerpt":{"rendered":"<p>La Cooperativa de Provisi\u00f3n, de Obras y Servicios Publicos de Vera (Co.S.Ve.L.) comunica a la poblaci\u00f3n que el d\u00eda mi\u00e9rcoles 7 del corriente mes se proceder\u00e1 a efectuar un corte en el servicio de Agua Potable a partir de las 06:30 hasta las 10:00 horas, en el sector este de la ciudad, comprendido entre las [&hellip;]<\/p>\n","protected":false},"author":3,"featured_media":27867,"comment_status":"closed","ping_status":"closed","sticky":false,"template":"","format":"standard","meta":{"_joinchat":[],"footnotes":""},"categories":[56],"tags":[],"class_list":{"0":"post-41674","1":"post","2":"type-post","3":"status-publish","4":"format-standard","5":"has-post-thumbnail","7":"category-destacados"},"_links":{"self":[{"href":"https:\/\/infovera.com.ar\/web\/wp-json\/wp\/v2\/posts\/41674","targetHints":{"allow":["GET"]}}],"collection":[{"href":"https:\/\/infovera.com.ar\/web\/wp-json\/wp\/v2\/posts"}],"about":[{"href":"https:\/\/infovera.com.ar\/web\/wp-json\/wp\/v2\/types\/post"}],"author":[{"embeddable":true,"href":"https:\/\/infovera.com.ar\/web\/wp-json\/wp\/v2\/users\/3"}],"replies":[{"embeddable":true,"href":"https:\/\/infovera.com.ar\/web\/wp-json\/wp\/v2\/comments?post=41674"}],"version-history":[{"count":0,"href":"https:\/\/infovera.com.ar\/web\/wp-json\/wp\/v2\/posts\/41674\/revisions"}],"wp:featuredmedia":[{"embeddable":true,"href":"https:\/\/infovera.com.ar\/web\/wp-json\/wp\/v2\/media\/27867"}],"wp:attachment":[{"href":"https:\/\/infovera.com.ar\/web\/wp-json\/wp\/v2\/media?parent=41674"}],"wp:term":[{"taxonomy":"category","embeddable":true,"href":"https:\/\/infovera.com.ar\/web\/wp-json\/wp\/v2\/categories?post=41674"},{"taxonomy":"post_tag","embeddable":true,"href":"https:\/\/infovera.com.ar\/web\/wp-json\/wp\/v2\/tags?post=41674"}],"curies":[{"name":"wp","href":"https:\/\/api.w.org\/{rel}","templated":true}]}}