{"id":41671,"date":"2022-12-06T09:50:15","date_gmt":"2022-12-06T12:50:15","guid":{"rendered":"https:\/\/infovera.com.ar\/web\/?p=41671"},"modified":"2022-12-06T09:50:15","modified_gmt":"2022-12-06T12:50:15","slug":"la-provincia-dio-a-conocer-el-cronograma-de-pagos-de-la-segunda-cuota-del-aguinaldo","status":"publish","type":"post","link":"https:\/\/infovera.com.ar\/web\/2022\/12\/06\/la-provincia-dio-a-conocer-el-cronograma-de-pagos-de-la-segunda-cuota-del-aguinaldo\/","title":{"rendered":"La provincia dio a conocer el cronograma de pagos de la segunda cuota del aguinaldo"},"content":{"rendered":"<p>El Ministerio de Econom\u00eda de la provincia difundi\u00f3 el cronograma de pagos correspondiente a la segunda cuota del aguinaldo 2022.<\/p>\n<p>La cartera inform\u00f3 que los haberes incluir\u00e1n el aumento remunerativo y bonificable del 5% acordado en el \u00e1mbito paritario con los diferentes gremios de la administraci\u00f3n p\u00fablica provincial.<\/p>\n<p>&nbsp;<\/p>\n<p>Asimismo, dicho incremento ser\u00e1 percibido simult\u00e1neamente por el sector Pasivo.<\/p>\n<p>&nbsp;<\/p>\n<p>El cronograma de pagos de la segunda cuota del aguinaldo es el siguiente:<\/p>\n<p>&nbsp;<\/p>\n<p>&gt;&gt; Mi\u00e9rcoles 14 de diciembre 2022: personal perteneciente al Escalaf\u00f3n policial<\/p>\n<p>&nbsp;<\/p>\n<p>&gt;&gt; Jueves 15 de diciembre 2022: personal Activo perteneciente al resto de los escalafones; personal docente de las escuelas privadas.<\/p>\n<p>&nbsp;<\/p>\n<p>&gt;&gt; Viernes 16 de diciembre 2022: todos los Pasivos; y autoridades superiores de los poderes Judicial, Legislativo y Ejecutivo.<\/p>\n","protected":false},"excerpt":{"rendered":"<p>El Ministerio de Econom\u00eda de la provincia difundi\u00f3 el cronograma de pagos correspondiente a la segunda cuota del aguinaldo 2022. La cartera inform\u00f3 que los haberes incluir\u00e1n el aumento remunerativo y bonificable del 5% acordado en el \u00e1mbito paritario con los diferentes gremios de la administraci\u00f3n p\u00fablica provincial. &nbsp; Asimismo, dicho incremento ser\u00e1 percibido simult\u00e1neamente [&hellip;]<\/p>\n","protected":false},"author":3,"featured_media":0,"comment_status":"closed","ping_status":"closed","sticky":false,"template":"","format":"standard","meta":{"_joinchat":[],"footnotes":""},"categories":[60],"tags":[],"class_list":{"0":"post-41671","1":"post","2":"type-post","3":"status-publish","4":"format-standard","6":"category-provinciales"},"_links":{"self":[{"href":"https:\/\/infovera.com.ar\/web\/wp-json\/wp\/v2\/posts\/41671","targetHints":{"allow":["GET"]}}],"collection":[{"href":"https:\/\/infovera.com.ar\/web\/wp-json\/wp\/v2\/posts"}],"about":[{"href":"https:\/\/infovera.com.ar\/web\/wp-json\/wp\/v2\/types\/post"}],"author":[{"embeddable":true,"href":"https:\/\/infovera.com.ar\/web\/wp-json\/wp\/v2\/users\/3"}],"replies":[{"embeddable":true,"href":"https:\/\/infovera.com.ar\/web\/wp-json\/wp\/v2\/comments?post=41671"}],"version-history":[{"count":0,"href":"https:\/\/infovera.com.ar\/web\/wp-json\/wp\/v2\/posts\/41671\/revisions"}],"wp:attachment":[{"href":"https:\/\/infovera.com.ar\/web\/wp-json\/wp\/v2\/media?parent=41671"}],"wp:term":[{"taxonomy":"category","embeddable":true,"href":"https:\/\/infovera.com.ar\/web\/wp-json\/wp\/v2\/categories?post=41671"},{"taxonomy":"post_tag","embeddable":true,"href":"https:\/\/infovera.com.ar\/web\/wp-json\/wp\/v2\/tags?post=41671"}],"curies":[{"name":"wp","href":"https:\/\/api.w.org\/{rel}","templated":true}]}}