{"id":41645,"date":"2022-12-05T18:23:36","date_gmt":"2022-12-05T21:23:36","guid":{"rendered":"https:\/\/infovera.com.ar\/web\/?p=41645"},"modified":"2022-12-08T13:28:16","modified_gmt":"2022-12-08T16:28:16","slug":"la-provincia-abrio-la-convocatoria-para-el-ingreso-de-150-profesionales-al-servicio-penitenciario-2","status":"publish","type":"post","link":"https:\/\/infovera.com.ar\/web\/2022\/12\/05\/la-provincia-abrio-la-convocatoria-para-el-ingreso-de-150-profesionales-al-servicio-penitenciario-2\/","title":{"rendered":"La provincia abri\u00f3 la convocatoria para el ingreso de 150 profesionales al Servicio Penitenciario"},"content":{"rendered":"<p><strong>La inscripci\u00f3n es online del 5 al 25 de diciembre.<\/strong><\/p>\n<p>El gobierno de la provincia, a trav\u00e9s del Ministerio de Seguridad, abri\u00f3 una nueva convocatoria para el ingreso de 150 profesionales que, luego de las etapas correspondientes del concurso, ingresar\u00e1n como agentes pertenecientes a escalafones administrativos y profesionales. De esta forma, los nuevos ingresantes ser\u00e1n destinados a las diversas Unidades penitenciarias que componen el territorio provincial.<\/p>\n<p>Las inscripciones estar\u00e1n abiertas del 5 al 25 de diciembre y los aspirantes deber\u00e1n ingresar a\u00a0<a href=\"https:\/\/www.santafe.gob.ar\/ms\/spsf\/\">https:\/\/www.santafe.gob.ar\/ms\/spsf\/<\/a><\/p>\n<p>Los profesionales requeridos son:<\/p>\n<p>&gt;&gt; Escalaf\u00f3n administrativo &#8211; Personal superior: 7 contadores<\/p>\n<p>&gt;&gt; Escalaf\u00f3n profesional &#8211; Personal superior &#8211; Subescalaf\u00f3n jur\u00eddico: 20 abogados<\/p>\n<p>&gt;&gt; Escalaf\u00f3n profesional &#8211; Personal superior \u2013 Subescalaf\u00f3n criminolog\u00eda: 18 psic\u00f3logos<\/p>\n<p>&gt;&gt; Escalaf\u00f3n profesional &#8211; Personal superior &#8211; Subescalaf\u00f3n sanidad: 5 terapistas ocupacionales, 38 m\u00e9dicos, 3 odont\u00f3logos, 5 bioqu\u00edmicos, 2 kinesi\u00f3logos, 5 radi\u00f3logos, 6 psiquiatras.<\/p>\n<p>&gt;&gt; Escalaf\u00f3n profesional &#8211; Personal superior &#8211; Subescalaf\u00f3n servicio social: 15 asistentes sociales<\/p>\n<p>&gt;&gt; Escalaf\u00f3n profesional &#8211; Personal subalterno \u2013 Subescalaf\u00f3n subprofesional: 20 enfermeros, 3 mec\u00e1nicos dentales<\/p>\n<p>&gt;&gt; Escalaf\u00f3n profesional &#8211; Subescalaf\u00f3n maestranza: 3 t\u00e9cnicos en electr\u00f3nica, 2 analistas de sistemas, 2 t\u00e9cnicos programadores, 10 t\u00e9cnicos en inform\u00e1tica<\/p>\n<p><strong>REQUISITOS PARA LA INSCRIPCI\u00d3N<\/strong><\/p>\n<p>&gt;&gt; Ser argentino<\/p>\n<p>&gt;&gt; Acreditar antecedentes honorables y de buena conducta.<\/p>\n<p>&gt;&gt; No tener actuaci\u00f3n contraria a los principios de libertad y la democracia de acuerdo con el r\u00e9gimen establecido por la Constituci\u00f3n nacional.<\/p>\n<p>&gt;&gt; No haber sido separado de la administraci\u00f3n p\u00fablica por exoneraci\u00f3n.<\/p>\n<p>&gt;&gt; Encontrarse en los l\u00edmites de edad que establece la reglamentaci\u00f3n.<\/p>\n<p>&gt;&gt; Rendir las pruebas de capacidad y competencia que se determine.<\/p>\n<p>&gt;&gt; Poseer las aptitudes f\u00edsicas y ps\u00edquicas que se determinen.<\/p>\n<p>Condiciones particulares (Decreto N\u00b0 3588\/78 y modificatorios)<\/p>\n<p>&gt;&gt; Personal superior: no ser mayor de 35 a\u00f1os de edad para el caso del personal del Escalaf\u00f3n profesional &#8211; Personal superior; poseer las aptitudes ps\u00edquicas y f\u00edsicas que establece la reglamentaci\u00f3n; haber sido seleccionado por concurso conforme el r\u00e9gimen legal vigente para el mismo; aprobar los cursos de formaci\u00f3n penitenciario que dicte la escuela penitenciaria.<\/p>\n<p>&gt;&gt; Personal subalterno: no ser mayor de 30 a\u00f1os de edad; acreditar idoneidad para la especialidad correspondiente a cada subescalaf\u00f3n; poseer las aptitudes ps\u00edquicas y f\u00edsicas que establece la reglamentaci\u00f3n; haber sido seleccionado por concurso conforme el r\u00e9gimen legal vigente para el mismo; aprobar los cursos de formaci\u00f3n penitenciario que dicte la escuela penitenciaria; poseer t\u00edtulo de nivel medio.<\/p>\n<p>&gt;&gt; Escalaf\u00f3n profesional &#8211; Personal superior<\/p>\n<p>&gt; Subescalaf\u00f3n criminolog\u00eda: poseer t\u00edtulo de psic\u00f3logo<\/p>\n<p>&gt; Subescalaf\u00f3n sanidad: poseer t\u00edtulo de terapista ocupacional; poseer t\u00edtulo de m\u00e9dico; poseer t\u00edtulo de psiquiatra; poseer t\u00edtulo de radi\u00f3logo; poseer t\u00edtulo de odont\u00f3logo; poseer t\u00edtulo de kinesi\u00f3logo; poseer t\u00edtulo de bioqu\u00edmico<\/p>\n<p>&gt; Subescalaf\u00f3n servicio social: poseer t\u00edtulo de asistente social<\/p>\n<p>&gt; Subescalaf\u00f3n jur\u00eddico: poseer t\u00edtulo de abogado<\/p>\n<p>&gt;&gt; Escalaf\u00f3n administrativo &#8211; Personal superior: poseer t\u00edtulo de contador o relacionado con la administraci\u00f3n y las ciencias econ\u00f3micas y el derecho.<\/p>\n<p>&gt;&gt;Escalaf\u00f3n profesional &#8211; Personal subalterno:<\/p>\n<p>&gt; Subescalaf\u00f3n subprofesional: poseer t\u00edtulo de enfermero; poseer t\u00edtulo de mec\u00e1nico dental<\/p>\n<p>&gt; Subescalaf\u00f3n maestranza: poseer t\u00edtulo de t\u00e9cnico en electr\u00f3nica, poseer t\u00edtulo de t\u00e9cnico en analista de sistemas, poseer t\u00edtulo de t\u00e9cnico en analista programador, poseer t\u00edtulo de t\u00e9cnico en inform\u00e1tica<\/p>\n<p>Para el ingreso en los citados escalafones el postulante deber\u00e1 presentar la correspondiente constancia de matriculaci\u00f3n del Colegio profesional al que pertenece.<\/p>\n","protected":false},"excerpt":{"rendered":"<p>La inscripci\u00f3n es online del 5 al 25 de diciembre. El gobierno de la provincia, a trav\u00e9s del Ministerio de Seguridad, abri\u00f3 una nueva convocatoria para el ingreso de 150 profesionales que, luego de las etapas correspondientes del concurso, ingresar\u00e1n como agentes pertenecientes a escalafones administrativos y profesionales. De esta forma, los nuevos ingresantes ser\u00e1n [&hellip;]<\/p>\n","protected":false},"author":3,"featured_media":41647,"comment_status":"closed","ping_status":"closed","sticky":false,"template":"","format":"standard","meta":{"_joinchat":[],"footnotes":""},"categories":[60],"tags":[],"class_list":{"0":"post-41645","1":"post","2":"type-post","3":"status-publish","4":"format-standard","5":"has-post-thumbnail","7":"category-provinciales"},"_links":{"self":[{"href":"https:\/\/infovera.com.ar\/web\/wp-json\/wp\/v2\/posts\/41645","targetHints":{"allow":["GET"]}}],"collection":[{"href":"https:\/\/infovera.com.ar\/web\/wp-json\/wp\/v2\/posts"}],"about":[{"href":"https:\/\/infovera.com.ar\/web\/wp-json\/wp\/v2\/types\/post"}],"author":[{"embeddable":true,"href":"https:\/\/infovera.com.ar\/web\/wp-json\/wp\/v2\/users\/3"}],"replies":[{"embeddable":true,"href":"https:\/\/infovera.com.ar\/web\/wp-json\/wp\/v2\/comments?post=41645"}],"version-history":[{"count":0,"href":"https:\/\/infovera.com.ar\/web\/wp-json\/wp\/v2\/posts\/41645\/revisions"}],"wp:featuredmedia":[{"embeddable":true,"href":"https:\/\/infovera.com.ar\/web\/wp-json\/wp\/v2\/media\/41647"}],"wp:attachment":[{"href":"https:\/\/infovera.com.ar\/web\/wp-json\/wp\/v2\/media?parent=41645"}],"wp:term":[{"taxonomy":"category","embeddable":true,"href":"https:\/\/infovera.com.ar\/web\/wp-json\/wp\/v2\/categories?post=41645"},{"taxonomy":"post_tag","embeddable":true,"href":"https:\/\/infovera.com.ar\/web\/wp-json\/wp\/v2\/tags?post=41645"}],"curies":[{"name":"wp","href":"https:\/\/api.w.org\/{rel}","templated":true}]}}