{"id":41621,"date":"2022-12-04T13:39:51","date_gmt":"2022-12-04T16:39:51","guid":{"rendered":"https:\/\/infovera.com.ar\/web\/?p=41621"},"modified":"2022-12-05T19:22:19","modified_gmt":"2022-12-05T22:22:19","slug":"prision-preventiva-para-la-chamana-imputada-por-estafar-al-taca-bieler","status":"publish","type":"post","link":"https:\/\/infovera.com.ar\/web\/2022\/12\/04\/prision-preventiva-para-la-chamana-imputada-por-estafar-al-taca-bieler\/","title":{"rendered":"Prisi\u00f3n preventiva para la chamana imputada por estafar al &#8220;Taca&#8221; Bieler"},"content":{"rendered":"<p><strong>A las 10 de la ma\u00f1ana del s\u00e1bado se realiz\u00f3 en los tribunales penales de Rafaela una nueva audiencia, en este caso de medidas cautelares,<\/strong> donde deb\u00eda definirse en qu\u00e9 condiciones va a transcurrir la imputada la investigaci\u00f3n que viene por delante y que deber\u00eda tener como corolario un juicio oral o bien un juicio de procedimientos abreviados.<\/p>\n<p>Tras un largo debate de m\u00e1s de dos horas, el fiscal actuante Guillermo Loyola, solicit\u00f3 que se dicte la prisi\u00f3n preventiva sin plazos a la imputada, a lo que la jueza Cristina Fortunato hizo lugar, manifestando que los fundamentos los dar\u00e1 por escrito. Por lo tanto MA deber\u00e1 aguardar con prisi\u00f3n preventiva sin plazos el desenlace de esta causa judicial que la tiene como imputada, en el lugar de alojamiento penitenciario que la autoridad judicial correspondiente determine.<\/p>\n<p>En cuanto a la calificaci\u00f3n penal del delito, a la mujer investigada se le endilg\u00f3 la coautor\u00eda del delito de &#8220;estafa&#8221;.<\/p>\n<p><strong>REPASO<\/strong><\/p>\n<p>\u201cLas maniobras enga\u00f1osas fueron desplegadas con pleno conocimiento y voluntad defraudatoria por la mujer imputada y por otras tres personas m\u00e1s\u201d, remarc\u00f3 el fiscal. \u201cEsas otras personas ya fueron identificadas, dos son de nacionalidad argentina y el restante, brasile\u00f1o, cuyas detenciones ya fueron solicitadas\u201d, se\u00f1al\u00f3 el viernes a la ma\u00f1ana Loyola.<\/p>\n<p>Cabe recordar que la investigaci\u00f3n se inici\u00f3 en junio de este a\u00f1o, a ra\u00edz de una denuncia que radic\u00f3 la v\u00edctima. Ya ubicado el paradero de la presunta falsa &#8220;sanadora&#8221; en la ciudad de Buenos Aires donde reside -en una casa en Mart\u00ednez-, la brasile\u00f1a fue detenida en la que es una de las tres propiedades que fueron allanadas por la Divisi\u00f3n Antifraude de la Polic\u00eda Federal Argentina, y luego extraditada a la ciudad de Rafaela para comparecer ante la Justicia de la Quinta Circunscripci\u00f3n Judicial.<\/p>\n<p>Fuente: La Opini\u00f3n de Rafaela<\/p>\n","protected":false},"excerpt":{"rendered":"<p>A las 10 de la ma\u00f1ana del s\u00e1bado se realiz\u00f3 en los tribunales penales de Rafaela una nueva audiencia, en este caso de medidas cautelares, donde deb\u00eda definirse en qu\u00e9 condiciones va a transcurrir la imputada la investigaci\u00f3n que viene por delante y que deber\u00eda tener como corolario un juicio oral o bien un juicio [&hellip;]<\/p>\n","protected":false},"author":3,"featured_media":41622,"comment_status":"closed","ping_status":"closed","sticky":false,"template":"","format":"standard","meta":{"_joinchat":[],"footnotes":""},"categories":[30,60],"tags":[],"class_list":{"0":"post-41621","1":"post","2":"type-post","3":"status-publish","4":"format-standard","5":"has-post-thumbnail","7":"category-policiales","8":"category-provinciales"},"_links":{"self":[{"href":"https:\/\/infovera.com.ar\/web\/wp-json\/wp\/v2\/posts\/41621","targetHints":{"allow":["GET"]}}],"collection":[{"href":"https:\/\/infovera.com.ar\/web\/wp-json\/wp\/v2\/posts"}],"about":[{"href":"https:\/\/infovera.com.ar\/web\/wp-json\/wp\/v2\/types\/post"}],"author":[{"embeddable":true,"href":"https:\/\/infovera.com.ar\/web\/wp-json\/wp\/v2\/users\/3"}],"replies":[{"embeddable":true,"href":"https:\/\/infovera.com.ar\/web\/wp-json\/wp\/v2\/comments?post=41621"}],"version-history":[{"count":0,"href":"https:\/\/infovera.com.ar\/web\/wp-json\/wp\/v2\/posts\/41621\/revisions"}],"wp:featuredmedia":[{"embeddable":true,"href":"https:\/\/infovera.com.ar\/web\/wp-json\/wp\/v2\/media\/41622"}],"wp:attachment":[{"href":"https:\/\/infovera.com.ar\/web\/wp-json\/wp\/v2\/media?parent=41621"}],"wp:term":[{"taxonomy":"category","embeddable":true,"href":"https:\/\/infovera.com.ar\/web\/wp-json\/wp\/v2\/categories?post=41621"},{"taxonomy":"post_tag","embeddable":true,"href":"https:\/\/infovera.com.ar\/web\/wp-json\/wp\/v2\/tags?post=41621"}],"curies":[{"name":"wp","href":"https:\/\/api.w.org\/{rel}","templated":true}]}}