{"id":41617,"date":"2022-12-04T13:25:03","date_gmt":"2022-12-04T16:25:03","guid":{"rendered":"https:\/\/infovera.com.ar\/web\/?p=41617"},"modified":"2022-12-04T13:25:03","modified_gmt":"2022-12-04T16:25:03","slug":"la-epe-opero-105-mas-de-energia-en-el-mes-de-noviembre-de-2022","status":"publish","type":"post","link":"https:\/\/infovera.com.ar\/web\/2022\/12\/04\/la-epe-opero-105-mas-de-energia-en-el-mes-de-noviembre-de-2022\/","title":{"rendered":"La EPE oper\u00f3 10,5 % m\u00e1s de energ\u00eda en el mes de noviembre de 2022"},"content":{"rendered":"<p><strong>La diferencia surge al comparar la demanda del mismo per\u00edodo del a\u00f1o 2021 y se fundamenta en la actividad industrial, comercial y el per\u00edodo de altas temperaturas.<\/strong><\/p>\n<p>La Empresa Provincial de la Energ\u00eda (EPE) inform\u00f3 que, seg\u00fan datos provisorios de su sistema de medici\u00f3n comercial, la electricidad operada durante el mes de noviembre en el territorio santafesino tuvo un crecimiento del 10,5 %, comparando con igual per\u00edodo del a\u00f1o 2021.La temperatura media de noviembre 2022 fue de 23,2\u00b0C, superior a la registrada en el mismo mes del a\u00f1o anterior (21,5\u00b0C) y superior a la media hist\u00f3rica del mes (21,5\u00b0C). Estos registros determinan que este este per\u00edodo fue 1,7\u00b0 C superior al del a\u00f1o pasado y a la media hist\u00f3rica.<\/p>\n<p>El titular de la EPE, Mauricio Caussi, dijo que \u201cterminamos el mes con una demanda casi r\u00e9cord, igual que en pleno verano, con niveles cercanos a registros hist\u00f3ricos, con un \u00edndice del 10,5 % de crecimiento en noviembre, con respecto al mismo mes del a\u00f1o pasado\u201d.<\/p>\n<p>Caussi dijo que \u201cesta realidad se sustenta en la actividad industrial y comercial de la provincia, como as\u00ed tambi\u00e9n en el registro de varios d\u00edas con temperaturas muy altas, que originaron alertas amarillas y roja, emitidas por el Servicio Meteorol\u00f3gico Nacional&#8221;.<\/p>\n","protected":false},"excerpt":{"rendered":"<p>La diferencia surge al comparar la demanda del mismo per\u00edodo del a\u00f1o 2021 y se fundamenta en la actividad industrial, comercial y el per\u00edodo de altas temperaturas. La Empresa Provincial de la Energ\u00eda (EPE) inform\u00f3 que, seg\u00fan datos provisorios de su sistema de medici\u00f3n comercial, la electricidad operada durante el mes de noviembre en el [&hellip;]<\/p>\n","protected":false},"author":3,"featured_media":41619,"comment_status":"closed","ping_status":"closed","sticky":false,"template":"","format":"standard","meta":{"_joinchat":[],"footnotes":""},"categories":[60],"tags":[],"class_list":{"0":"post-41617","1":"post","2":"type-post","3":"status-publish","4":"format-standard","5":"has-post-thumbnail","7":"category-provinciales"},"_links":{"self":[{"href":"https:\/\/infovera.com.ar\/web\/wp-json\/wp\/v2\/posts\/41617","targetHints":{"allow":["GET"]}}],"collection":[{"href":"https:\/\/infovera.com.ar\/web\/wp-json\/wp\/v2\/posts"}],"about":[{"href":"https:\/\/infovera.com.ar\/web\/wp-json\/wp\/v2\/types\/post"}],"author":[{"embeddable":true,"href":"https:\/\/infovera.com.ar\/web\/wp-json\/wp\/v2\/users\/3"}],"replies":[{"embeddable":true,"href":"https:\/\/infovera.com.ar\/web\/wp-json\/wp\/v2\/comments?post=41617"}],"version-history":[{"count":0,"href":"https:\/\/infovera.com.ar\/web\/wp-json\/wp\/v2\/posts\/41617\/revisions"}],"wp:featuredmedia":[{"embeddable":true,"href":"https:\/\/infovera.com.ar\/web\/wp-json\/wp\/v2\/media\/41619"}],"wp:attachment":[{"href":"https:\/\/infovera.com.ar\/web\/wp-json\/wp\/v2\/media?parent=41617"}],"wp:term":[{"taxonomy":"category","embeddable":true,"href":"https:\/\/infovera.com.ar\/web\/wp-json\/wp\/v2\/categories?post=41617"},{"taxonomy":"post_tag","embeddable":true,"href":"https:\/\/infovera.com.ar\/web\/wp-json\/wp\/v2\/tags?post=41617"}],"curies":[{"name":"wp","href":"https:\/\/api.w.org\/{rel}","templated":true}]}}