{"id":41574,"date":"2022-12-01T09:39:26","date_gmt":"2022-12-01T12:39:26","guid":{"rendered":"https:\/\/infovera.com.ar\/web\/?p=41574"},"modified":"2022-12-03T12:45:14","modified_gmt":"2022-12-03T15:45:14","slug":"frana-recorrio-obras-hidricas-en-el-departamento-vera","status":"publish","type":"post","link":"https:\/\/infovera.com.ar\/web\/2022\/12\/01\/frana-recorrio-obras-hidricas-en-el-departamento-vera\/","title":{"rendered":"Frana recorri\u00f3 obras h\u00eddricas en el departamento Vera"},"content":{"rendered":"<p><strong>La canalizaci\u00f3n del L\u00ednea Paran\u00e1 I y II, y la pavimentaci\u00f3n de la ruta provincial N\u00b0 3 presentan importantes avances en sus diferentes tramos. La inversi\u00f3n en obras en el departamento supera los $8.000 millones.<\/strong><\/p>\n<p>La ministra de Infraestructura, Servicios P\u00fablicos y H\u00e1bitat, Silvina Frana, recorri\u00f3 las obras que en gobierno provincial ejecuta en el departamento Vera, con una inversi\u00f3n de m\u00e1s de 8.000 millones de pesos.<\/p>\n<p>Estuvo acompa\u00f1ada por el subsecretario de Recursos H\u00eddricos y Comit\u00e9 de Cuencas, Mariano Diez, y el presidente comunal de Los Amores, Omar Walker, con quienes dialog\u00f3 acerca de las obras proyectadas y en marcha en el departamento, a la vez que se escucharon las necesidades de la regi\u00f3n.<\/p>\n<p>\u201cVinimos a rendir cuentas de lo que estamos haciendo, de las obras y pol\u00edticas p\u00fablicas que estamos ejecutando en el departamento Vera, con una inversi\u00f3n desde el Ministerio de Infraestructura que supera los 8 mil millones de pesos con recursos provinciales, nacionales y del BID\u201d, asegur\u00f3 Frana.<\/p>\n<p>En la oportunidad, la ministra se refiri\u00f3 a la obra de canalizaci\u00f3n L\u00ednea Paran\u00e1, tramo I y II, que presenta un avance de 55% y 22% respectivamente, y en este sentido expres\u00f3: \u201cEstas obras enmarcadas en el plan de los Bajos Submeridionales son una pol\u00edtica de Estado, tanto del gobierno provincial como nacional, que nos empe\u00f1amos en sacar adelante. Y lo hacemos en conjunto con los actores locales, con una mirada integral, con equilibrio territorial, sustentable, y con el cuidado de los recursos naturales&#8221;, luego se\u00f1al\u00f3, &#8220;ustedes son los protagonistas, son los custodios de las obras que se hacen, son los beneficiaros y quienes la viven. Nuestro compromiso es trabajar dando respuesta a las necesidades de la gente&#8221;, precis\u00f3 Frana.<\/p>\n<p>\u201cY esto es lo que nos pide el gobernador Omar Perotti, no s\u00f3lo recorrer las obras, sino tambi\u00e9n saber escuchar a la gente y a las autoridades locales, porque lo importante es generar las condiciones de arraigo que le permitan a las santafesinas y santafesinos mejorar su calidad de vida\u201d, indic\u00f3.<\/p>\n<p>Por su parte, el subsecretario Diez precis\u00f3 que \u201cestamos avanzando en la defensa contra inundaciones consolidando un sistema precario que tiene la localidad y acompa\u00f1ando con obras internas que permiten controlar los excedentes h\u00eddricos, como son el sistema de reservorio, el sistema de bombeo y el sistema de canales que vincula la llegada del agua al bombeo y a la descarga del L\u00ednea Paran\u00e1\u201d.<\/p>\n<p>\u201cOtra obra importante que estamos ejecutando, y que beneficia los escurrimientos del casco urbano de Los Amores como de la zona rural, es el reacondicionamiento de la L\u00ednea Paran\u00e1 tramo I y II que tiene su punto de finalizaci\u00f3n en esta primera etapa sobre la ruta 3\u201d, explic\u00f3 el subsecretario.<\/p>\n<p>Finalmente, Walker indic\u00f3 que \u201cpara nosotros es algo extraordinario que viene a saldar deudas hist\u00f3ricas de varias generaciones. La decisi\u00f3n del gobernador Perotti fue fundamental para que hoy estas obras sean una realidad y est\u00e9n en marcha\u201d.<\/p>\n<p>PAVIMENTACI\u00d3N RUTA PROVINCIAL N\u00ba3<\/p>\n<p>Con una inversi\u00f3n superior a los $4.700 millones, la obra sobre la Ruta Provincial N\u00ba3, tramos Los T\u00e1banos &#8211; Ca\u00f1ada Omb\u00fa \u2013 Los Amores, financiada por el BID \u2013 Banco Interamericano de Desarrollo-, brindar\u00e1 soluciones a los anegamientos generados sobre la calzada natural a causa de los diferentes episodios de precipitaciones.<\/p>\n<p>En este contexto, Frana subray\u00f3 \u201cesta es una demanda hist\u00f3rica de la regi\u00f3n, una obra de gran envergadura que busca resolver la conectividad y fortalecer la zona con una mirada ambiental y tur\u00edstica\u201d.<\/p>\n<p>&#8220;Y de esa manera lograr el objetivo, que es potenciar esta regi\u00f3n como un polo de desarrollo productivo, de generaci\u00f3n de empleo, que fomente el arraigo donde uno sue\u00f1e vivir, crecer, desarrollarse, y cuando todo esto sucede claramente se trasunta en la dignidad de vida de la gente de la regi\u00f3n\u201d, indic\u00f3 Frana.<\/p>\n<p>Cabe recordar que en el departamento Vera, se est\u00e1n ejecutando adem\u00e1s diversas obras viales:<\/p>\n<p>Pavimentaci\u00f3n Ruta Provincial N\u00b03<br \/>\nTramo: Los T\u00e1banos &#8211; Ca\u00f1ada Omb\u00fa<br \/>\nLongitud: 23,16 kil\u00f3metros<br \/>\nMonto actualizado de la obra: $3.117.015.413.<br \/>\nAvance a Octubre 2022: 60%<\/p>\n<p>Tramo: Ca\u00f1ada Omb\u00fa &#8211; Los Amores<br \/>\nLongitud: 18 kil\u00f3metros<br \/>\nMonto actualizado de la obra: $1.603.124.292.-<br \/>\nAvance a Octubre 2022: 19%<\/p>\n<p>Pavimentaci\u00f3n Ruta Provincial N\u00b031<br \/>\nTramo: Intiyaco \u2013 Tartagal<br \/>\nMonto de obra: $1.851.717.268<br \/>\nExtensi\u00f3n: 21 kil\u00f3metros<br \/>\nPorcentaje de avance: 41%<\/p>\n<p>Pavimentaci\u00f3n Ruta Provincial N\u00b036<\/p>\n<p>Tramo: Colonia Sager &#8211; Vera (RN 11)<br \/>\nCompartida con departamento San Javier<br \/>\nMonto de obra: $2.124.557.885<br \/>\nExtensi\u00f3n: 24 kil\u00f3metros<br \/>\nPorcentaje de avance: 72%<\/p>\n<p>Estabilizado Granular acceso a Laguna El Cristal desde Ruta Nacional N\u00b011 (Calchaqu\u00ed)<br \/>\nMonto de obra: $416.212.943<br \/>\nExtensi\u00f3n: 21,7 kil\u00f3metros<br \/>\nPorcentaje de avance: 79,2%<\/p>\n","protected":false},"excerpt":{"rendered":"<p>La canalizaci\u00f3n del L\u00ednea Paran\u00e1 I y II, y la pavimentaci\u00f3n de la ruta provincial N\u00b0 3 presentan importantes avances en sus diferentes tramos. La inversi\u00f3n en obras en el departamento supera los $8.000 millones. La ministra de Infraestructura, Servicios P\u00fablicos y H\u00e1bitat, Silvina Frana, recorri\u00f3 las obras que en gobierno provincial ejecuta en el [&hellip;]<\/p>\n","protected":false},"author":3,"featured_media":41575,"comment_status":"closed","ping_status":"closed","sticky":false,"template":"","format":"standard","meta":{"_joinchat":[],"footnotes":""},"categories":[60],"tags":[],"class_list":{"0":"post-41574","1":"post","2":"type-post","3":"status-publish","4":"format-standard","5":"has-post-thumbnail","7":"category-provinciales"},"_links":{"self":[{"href":"https:\/\/infovera.com.ar\/web\/wp-json\/wp\/v2\/posts\/41574","targetHints":{"allow":["GET"]}}],"collection":[{"href":"https:\/\/infovera.com.ar\/web\/wp-json\/wp\/v2\/posts"}],"about":[{"href":"https:\/\/infovera.com.ar\/web\/wp-json\/wp\/v2\/types\/post"}],"author":[{"embeddable":true,"href":"https:\/\/infovera.com.ar\/web\/wp-json\/wp\/v2\/users\/3"}],"replies":[{"embeddable":true,"href":"https:\/\/infovera.com.ar\/web\/wp-json\/wp\/v2\/comments?post=41574"}],"version-history":[{"count":0,"href":"https:\/\/infovera.com.ar\/web\/wp-json\/wp\/v2\/posts\/41574\/revisions"}],"wp:featuredmedia":[{"embeddable":true,"href":"https:\/\/infovera.com.ar\/web\/wp-json\/wp\/v2\/media\/41575"}],"wp:attachment":[{"href":"https:\/\/infovera.com.ar\/web\/wp-json\/wp\/v2\/media?parent=41574"}],"wp:term":[{"taxonomy":"category","embeddable":true,"href":"https:\/\/infovera.com.ar\/web\/wp-json\/wp\/v2\/categories?post=41574"},{"taxonomy":"post_tag","embeddable":true,"href":"https:\/\/infovera.com.ar\/web\/wp-json\/wp\/v2\/tags?post=41574"}],"curies":[{"name":"wp","href":"https:\/\/api.w.org\/{rel}","templated":true}]}}