{"id":41505,"date":"2022-11-28T20:02:31","date_gmt":"2022-11-28T23:02:31","guid":{"rendered":"https:\/\/infovera.com.ar\/web\/?p=41505"},"modified":"2022-12-03T12:50:10","modified_gmt":"2022-12-03T15:50:10","slug":"dramatica-situacion-por-la-sequia-en-el-norte-se-seco-la-laguna-el-bonete","status":"publish","type":"post","link":"https:\/\/infovera.com.ar\/web\/2022\/11\/28\/dramatica-situacion-por-la-sequia-en-el-norte-se-seco-la-laguna-el-bonete\/","title":{"rendered":"Dram\u00e1tica situaci\u00f3n por la falta de lluvias en el norte: se sec\u00f3 la Laguna \u201cEl Bonete\u201d"},"content":{"rendered":"<p><strong>La desolaci\u00f3n impera en el espejo de agua norte\u00f1o. Mortandad de peces y de vacunos configuran la triste postal del lugar. \u201cEl cuadro es de extrema gravedad\u201d, lament\u00f3 un productor ganadero de la zona.<\/strong><\/p>\n<p>\u201cEs impresionante la cantidad de pescados muertos que hay, no se puede estar del olor porque se sec\u00f3 toda la laguna grande\u201d, dijo, con m\u00e1xima preocupaci\u00f3n, alguien que frecuenta ese enclave y de quien no trascendi\u00f3 el nombre, para graficar una realidad impensada: la sequ\u00eda total de la laguna El Bonete, ubicada en el paraje hom\u00f3nimo del distrito Vera.<\/p>\n<p>Enseguida, ahond\u00f3 con videos &#8211; que se difundieron por WhatsApp &#8211; y una cruda descripci\u00f3n el panorama trazado: \u201cNo hay una gota de agua y como ah\u00ed las represas no se pueden hacer con excavaci\u00f3n con el tractor las hacen con retroexcavadora, pero en una estancia donde yo entro a pescar en las represas, se secaron todas\u201d.<\/p>\n<p>En la b\u00fasqueda de llevar algo de alivio a la falta de agua, describi\u00f3 que a los productores de la zona \u201cno les qued\u00f3 otra que desbarrar y sale el agua de abajo, porque las napas est\u00e1n arriba en esa zona, pero sale agua salada. Me estuvieron preguntando si alg\u00fan l\u00edquido que se pueda echar en las piletas para que puedan tomar los animales porque est\u00e1n sin agua\u201d.<\/p>\n<p>Es desesperante la sequ\u00eda y la cantidad de vacas que est\u00e1n cayendo, todo da una pena y una tristeza, lament\u00f3. Para luego situar: \u201cEsa es la zona de Vera, es por la ruta que va a Tostado donde pasa el puente de \u2018El Bonete\u2019. Esa laguna es grand\u00edsima y atr\u00e1s hay otra laguna grande, todo en general est\u00e1 seco. A m\u00ed me sorprendi\u00f3, hace 7 a\u00f1os que voy a pescar ah\u00ed y es la primera en todos estos a\u00f1os que veo una seca as\u00ed, las vacas quedan paradas, pobres animales\u201d. Solo queda un hilo de agua en la zona media, que es el canal del Arroyo Golondrina.<\/p>\n<p><strong>Desasosiego \u00a0<\/strong><\/p>\n<p>En ese punto ubicado 50 kil\u00f3metros al oeste de la ciudad de Vera tiene su estancia el conocido productor ganadero y abogado Edgardo Cornejo, que conduce una empresa familiar con 11 mil hect\u00e1reas. Entrevistado por InfoVera, no dud\u00f3 en calificar de dram\u00e1tico el cuadro que se vive por estos d\u00edas y asegur\u00f3 que la laguna \u201cdesapareci\u00f3\u201d.<\/p>\n<p><strong>-\u00bfCu\u00e1l es el escenario que enfrentan por la sequ\u00eda?<\/strong><\/p>\n<p>La situaci\u00f3n es dram\u00e1tica y desesperante, es de extrema gravedad, hay mucha mortalidad de animales, no hay agua para bebida lo cual exige organizar una infraestructura para transporte que es costos\u00edsima, que no es sostenible en el tiempo. Por otra parte, el animal no evoluciona porque no hay agua ni comida, y si alguien compra comida no compra en cantidad suficiente<\/p>\n<p>Esto es un planteo que lleva a un desmantelamiento de un sector ganadero importante, unido a la ca\u00edda de precio y unido a lo que implica para la exportaci\u00f3n una brecha cambiaria una retenci\u00f3n, de modo tal que de lo que produce el productor cobra la mitad<\/p>\n<p>Yo creo que en materia de ganader\u00eda es lo peor que le pudo haber ocurrido al norte, es una p\u00e9sima combinaci\u00f3n de diversos elementos que hace que para muchos sea el golpe final. Mucha gente no va a poder seguir. Es un intr\u00edngulis financiero en un contexto muy desfavorable, estoy comprando comida para lo que puedo comprar comida, estoy transportando agua en camiones que tambi\u00e9n compro.<\/p>\n<p><strong>-Es incre\u00edble ver a la laguna sin agua\u2026<\/strong><\/p>\n<p>La laguna \u201cEl Bonete\u201d desapareci\u00f3, y desapareci\u00f3 porque recurrentemente la naturaleza tiene esas alternancias; aparte en todo esto hay una gran insensibilidad de los organismos fiscales que deber\u00edan contemplar la situaci\u00f3n de los ganaderos de modo especial porque hoy malvenden con la esperanza de poder volver a comprar; y por otro lado, est\u00e1 el tema hidrol\u00f3gico, se habla de los humedales sin conocer a ciencia cierta c\u00f3mo ha funcionado siempre esto, muchas veces influye la naturaleza y la mala praxis de las regulaciones gubernamentales que, lo \u00fanico que hacen, es trabar los ciclos. La situaci\u00f3n es de desasosiego y desesperanza. Por otro lado, provoca agotamiento en el personal, son d\u00edas de calores sostenidos que ponen a prueba la salud de la gente, hay irritabilidad.<\/p>\n<p><strong>-En este contexto, \u00bfc\u00f3mo eval\u00faa la ayuda oficial?<\/strong><\/p>\n<p>No hay ayuda oficial, no hay ni siquiera un alivio, podr\u00eda haber alguna medida de est\u00edmulo fiscal en el contexto nacional. Ac\u00e1 va a haber provincias que van a quedar empobrecidas y se va a ver crecer la miseria y los planes sociales. Hace falta conocimiento y sensibilidad, y generalmente eso est\u00e1 ausente de la consideraci\u00f3n de los que gobiernan.<\/p>\n<p><strong>-De acuerdo a su experiencia, \u00bfqu\u00e9 puede esperarse a futuro?<\/strong><\/p>\n<p>No va a ser f\u00e1cil mantener el empleo de la gente, esta es la triste realidad sin magnificaciones, sin retoques, porque el que est\u00e1 vendiendo desesperado y a mal precio \u00a1tiene que tributar Ganancias! Al mismo tiempo que est\u00e1 sufriendo la p\u00e9rdida de su patrimonio. El \u00fanico producto que se vende a 30, 60 o 90 d\u00edas sin inter\u00e9s es el animal en un contexto inflacionario con perspectivas de hiperinflaci\u00f3n inmediata, son las mismas pol\u00edticas econ\u00f3micas que hizo Alfons\u00edn que hicieron que desapareciera el 35 por ciento de los productores ganaderos. Parece una r\u00e9plica de ese proceso nefasto.<\/p>\n<p><strong>Dolor<\/strong><\/p>\n<p>El Dr. Cornejo, al frente de una explotaci\u00f3n ganadera en la zona de \u201cEl Bonete\u201d, afirm\u00f3 que sostenerse en la actividad implica un traj\u00edn lleno de privaciones: \u201cEsto se solventa con las carencias que nos vamos imponiendo\u201d, revel\u00f3, en relaci\u00f3n a la necesidad de adquirir agua y comida para los vacunos. Para finalizar, rese\u00f1\u00f3: \u201cNo es lo mismo perder una cosa a que se muera un animal, hay un compromiso que tenemos con los animales que preferimos malvenderlos a que se nos mueran\u201d.<\/p>\n<div class=\"wp-playlist wp-video-playlist wp-playlist-light\">\n\t\t<video controls=\"controls\" preload=\"none\" width=\"674\"\n\t\t height=\"371\"\t><\/video>\n\t<div class=\"wp-playlist-next\"><\/div>\n\t<div class=\"wp-playlist-prev\"><\/div>\n\t<noscript>\n\t<ol>\n\t\t<li><a href='https:\/\/infovera.com.ar\/web\/wp-content\/uploads\/2022\/11\/WhatsApp-Video-2022-11-28-at-7.34.36-PM.mp4'>peces<\/a><\/li>\t<\/ol>\n\t<\/noscript>\n\t<script type=\"application\/json\" class=\"wp-playlist-script\">{\"type\":\"video\",\"tracklist\":true,\"tracknumbers\":true,\"images\":true,\"artists\":true,\"tracks\":[{\"src\":\"https:\/\/infovera.com.ar\/web\/wp-content\/uploads\/2022\/11\/WhatsApp-Video-2022-11-28-at-7.34.36-PM.mp4\",\"type\":\"video\/mp4\",\"title\":\"peces\",\"caption\":\"\",\"description\":\"\",\"meta\":{\"length_formatted\":\"0:19\"},\"dimensions\":{\"original\":{\"width\":640,\"height\":352},\"resized\":{\"width\":674,\"height\":371}},\"image\":{\"src\":\"https:\/\/infovera.com.ar\/web\/wp-includes\/images\/media\/video.svg\",\"width\":48,\"height\":64},\"thumb\":{\"src\":\"https:\/\/infovera.com.ar\/web\/wp-includes\/images\/media\/video.svg\",\"width\":48,\"height\":64}}]}<\/script>\n<\/div>\n\t\n","protected":false},"excerpt":{"rendered":"<p>La desolaci\u00f3n impera en el espejo de agua norte\u00f1o. Mortandad de peces y de vacunos configuran la triste postal del lugar. \u201cEl cuadro es de extrema gravedad\u201d, lament\u00f3 un productor ganadero de la zona. \u201cEs impresionante la cantidad de pescados muertos que hay, no se puede estar del olor porque se sec\u00f3 toda la laguna [&hellip;]<\/p>\n","protected":false},"author":3,"featured_media":41506,"comment_status":"closed","ping_status":"closed","sticky":false,"template":"","format":"standard","meta":{"_joinchat":[],"footnotes":""},"categories":[53],"tags":[],"class_list":{"0":"post-41505","1":"post","2":"type-post","3":"status-publish","4":"format-standard","5":"has-post-thumbnail","7":"category-vera"},"_links":{"self":[{"href":"https:\/\/infovera.com.ar\/web\/wp-json\/wp\/v2\/posts\/41505","targetHints":{"allow":["GET"]}}],"collection":[{"href":"https:\/\/infovera.com.ar\/web\/wp-json\/wp\/v2\/posts"}],"about":[{"href":"https:\/\/infovera.com.ar\/web\/wp-json\/wp\/v2\/types\/post"}],"author":[{"embeddable":true,"href":"https:\/\/infovera.com.ar\/web\/wp-json\/wp\/v2\/users\/3"}],"replies":[{"embeddable":true,"href":"https:\/\/infovera.com.ar\/web\/wp-json\/wp\/v2\/comments?post=41505"}],"version-history":[{"count":0,"href":"https:\/\/infovera.com.ar\/web\/wp-json\/wp\/v2\/posts\/41505\/revisions"}],"wp:featuredmedia":[{"embeddable":true,"href":"https:\/\/infovera.com.ar\/web\/wp-json\/wp\/v2\/media\/41506"}],"wp:attachment":[{"href":"https:\/\/infovera.com.ar\/web\/wp-json\/wp\/v2\/media?parent=41505"}],"wp:term":[{"taxonomy":"category","embeddable":true,"href":"https:\/\/infovera.com.ar\/web\/wp-json\/wp\/v2\/categories?post=41505"},{"taxonomy":"post_tag","embeddable":true,"href":"https:\/\/infovera.com.ar\/web\/wp-json\/wp\/v2\/tags?post=41505"}],"curies":[{"name":"wp","href":"https:\/\/api.w.org\/{rel}","templated":true}]}}