{"id":41491,"date":"2022-11-28T06:07:24","date_gmt":"2022-11-28T09:07:24","guid":{"rendered":"https:\/\/infovera.com.ar\/web\/?p=41491"},"modified":"2022-11-30T06:26:17","modified_gmt":"2022-11-30T09:26:17","slug":"el-colegio-de-arquitectos-celebro-su-30o-anivesario-con-una-muestra-fotografica","status":"publish","type":"post","link":"https:\/\/infovera.com.ar\/web\/2022\/11\/28\/el-colegio-de-arquitectos-celebro-su-30o-anivesario-con-una-muestra-fotografica\/","title":{"rendered":"El Colegio de Arquitectos celebr\u00f3 su 30\u00ba Aniversario con una muestra fotogr\u00e1fica"},"content":{"rendered":"<p><strong>Las Toscas, Reconquista y Vera fueron sede de los eventos en conmemoraci\u00f3n del aniversario del CAD6.<\/strong><\/p>\n<p>En primer lugar, se llev\u00f3 a cabo, el s\u00e1bado 12 de noviembre, en Las Toscas el recorrido de la f\u00e1brica Ladrillos de Maderas Constructivos en Ruta Nacional 11 N\u00b0893 con las exposiciones del Referente en sistemas constructivos en madera del INTI, arquitecto Gonzalo Campos; de la direcci\u00f3n de certificados aptitud t\u00e9cnica, arquitecto Giovanni Tartaro y por el Ministerio de ambiente de la provincia el arquitecto Oreste Blangini.<\/p>\n<p>Luego el jueves 24 de noviembre, en Reconquista, en el Teatro Espa\u00f1ol de Reconquista se present\u00f3 un trabajo producido desde el Colegio, a partir de un convenio celebrado con la Municipalidad de Reconquista, referido al relevamiento, y puesta en valor del edificio del ex \u201cHotel Plaza\u201d ubicado en la intersecci\u00f3n de las calles Patricio Diez y Gral Obligado de esta ciudad, pudiendo mostrar desde la pr\u00e1ctica profesional, un modo de abordaje hacia obras patrimoniales de este tipo, en el contexto de una propuesta de re funcionalizaci\u00f3n del edificio para transformarlo en un moderno centro cultural.<\/p>\n<p>En segundo t\u00e9rmino, autoridades provinciales de la instituci\u00f3n y profesionales realizaron un repaso sobre las circunstancias que originaron la instituci\u00f3n hace 30 a\u00f1os y el protagonismo de nuestra regi\u00f3n en aquel largo y trabajoso proceso.<\/p>\n<p>Finalmente se present\u00f3 el libro \u00abApuntes para una historia institucional. Colegio de Arquitectos de la Provincia de Santa Fe. 30 a\u00f1os\u00bb, recientemente publicado que constituye un reconocido aporte a la memoria hist\u00f3rica para quienes ejercemos esta noble profesi\u00f3n.<\/p>\n<p><strong>En fotos<\/strong><\/p>\n<p>Dentro de las actividades previstas, en Vera se llev\u00f3 a cabo una muestra fotogr\u00e1fica en donde se expuso el trabajo cotidiano de los arquitectos de un modo diferente, por el otro, redescubrir fragmentos de la ciudad, para as\u00ed pensar en el modo en que la arquitectura, y el trabajo de los arquitectos, los transforma. Adem\u00e1s, se firm\u00f3 el convenio con el municipio de Vera para la digitalizaci\u00f3n de tr\u00e1mites para la construcci\u00f3n de los futuros edificios.<\/p>\n<p>En relaci\u00f3n a las actividades, el presidente del CAD6, Ernesto Tejerina manifest\u00f3: \u201cAnoche en Vera, finalizamos un ciclo de actividades que organizamos desde el Distrito 6, para homenajear los 30 a\u00f1os de existencia del Colegio de Arquitectos de la Provincia. Profesionales, autoridades p\u00fablicas, y referentes de la vida civil de las diferentes localidades, nos acompa\u00f1aron y formaron parte de cada una de las presentaciones.<\/p>\n<p>Debemos decir, tambi\u00e9n, que todos los encuentros tuvieron como protagonista a la producci\u00f3n de arquitectura, demostrando la capacidad inagotable de nuestra profesi\u00f3n, para desarrollar tecnolog\u00eda, conocimiento, empleo, actividad econ\u00f3mica, y soluciones de infraestructura en el norte provincial\u201d.<\/p>\n<p><strong>Convenio<\/strong><\/p>\n<p>La intendente Ing. Paula Mitre, particip\u00f3 de la apertura de la muestra fotogr\u00e1fica \u201cVera por Arquitectos\u201d organizada por el Colegio de Arquitectos de la Provincia de Santa Fe, Distrito 6 Reconquista, en el marco de su 30\u00b0 Aniversario.<\/p>\n<p>En la oportunidad, adem\u00e1s, se firm\u00f3 un convenio colaborativo entre dicha Instituci\u00f3n y la Municipalidad de Vera, donde a trav\u00e9s de una plataforma tecnol\u00f3gica se podr\u00e1n agilizar los procesos administrativos, para brindar un mejor servicio a los profesionales.<\/p>\n<p>Al respecto, la mandataria expres\u00f3: \u201cQuiero felicitar a la instituci\u00f3n por sus 30 a\u00f1os de vida, esto habla del trabajo y la trayectoria de los profesionales de la arquitectura y el compromiso a su comunidad. Estoy orgullosa de que hayan pensado en nuestra ciudad, para que nuestros arquitectos puedan mostrar a trav\u00e9s de im\u00e1genes su labor de muchos a\u00f1os. Celebro tambi\u00e9n que en el marco de estos festejos, se pueda llevar a cabo la firma de un convenio colaborativo, para que a trav\u00e9s de la plataforma tecnol\u00f3gica se puedan agilizar los procesos administrativos de nuestros profesionales\u201d.<\/p>\n","protected":false},"excerpt":{"rendered":"<p>Las Toscas, Reconquista y Vera fueron sede de los eventos en conmemoraci\u00f3n del aniversario del CAD6. En primer lugar, se llev\u00f3 a cabo, el s\u00e1bado 12 de noviembre, en Las Toscas el recorrido de la f\u00e1brica Ladrillos de Maderas Constructivos en Ruta Nacional 11 N\u00b0893 con las exposiciones del Referente en sistemas constructivos en madera [&hellip;]<\/p>\n","protected":false},"author":3,"featured_media":41492,"comment_status":"closed","ping_status":"closed","sticky":false,"template":"","format":"standard","meta":{"_joinchat":[],"footnotes":""},"categories":[53],"tags":[],"class_list":{"0":"post-41491","1":"post","2":"type-post","3":"status-publish","4":"format-standard","5":"has-post-thumbnail","7":"category-vera"},"_links":{"self":[{"href":"https:\/\/infovera.com.ar\/web\/wp-json\/wp\/v2\/posts\/41491","targetHints":{"allow":["GET"]}}],"collection":[{"href":"https:\/\/infovera.com.ar\/web\/wp-json\/wp\/v2\/posts"}],"about":[{"href":"https:\/\/infovera.com.ar\/web\/wp-json\/wp\/v2\/types\/post"}],"author":[{"embeddable":true,"href":"https:\/\/infovera.com.ar\/web\/wp-json\/wp\/v2\/users\/3"}],"replies":[{"embeddable":true,"href":"https:\/\/infovera.com.ar\/web\/wp-json\/wp\/v2\/comments?post=41491"}],"version-history":[{"count":0,"href":"https:\/\/infovera.com.ar\/web\/wp-json\/wp\/v2\/posts\/41491\/revisions"}],"wp:featuredmedia":[{"embeddable":true,"href":"https:\/\/infovera.com.ar\/web\/wp-json\/wp\/v2\/media\/41492"}],"wp:attachment":[{"href":"https:\/\/infovera.com.ar\/web\/wp-json\/wp\/v2\/media?parent=41491"}],"wp:term":[{"taxonomy":"category","embeddable":true,"href":"https:\/\/infovera.com.ar\/web\/wp-json\/wp\/v2\/categories?post=41491"},{"taxonomy":"post_tag","embeddable":true,"href":"https:\/\/infovera.com.ar\/web\/wp-json\/wp\/v2\/tags?post=41491"}],"curies":[{"name":"wp","href":"https:\/\/api.w.org\/{rel}","templated":true}]}}