{"id":41456,"date":"2022-11-25T11:33:15","date_gmt":"2022-11-25T14:33:15","guid":{"rendered":"https:\/\/infovera.com.ar\/web\/?p=41456"},"modified":"2022-11-28T07:03:39","modified_gmt":"2022-11-28T10:03:39","slug":"la-gallareta-cinco-cazadores-furtivos-fueron-interceptados-por-los-pumas","status":"publish","type":"post","link":"https:\/\/infovera.com.ar\/web\/2022\/11\/25\/la-gallareta-cinco-cazadores-furtivos-fueron-interceptados-por-los-pumas\/","title":{"rendered":"La Gallareta: cinco cazadores furtivos fueron interceptados por Los Pumas"},"content":{"rendered":"<p><strong>\u201cLos Pumas\u201d, de La Gallareta secuestraron dos armas de fuego y notificaron a cinco cazadores por\u00a0tenencia indebida de arma de fuego e infracci\u00f3n a la Nac. 22421.<\/strong><\/p>\n<p>Abocados a patrullajes preventivos por zona rural, efectivos de la Secci\u00f3n 33 identificaron a cinco sujetos a quienes notificaron de las mencionadas infracciones.<\/p>\n<p>Personal policial de la Seccion N\u00ba 33, en circunstancia de encontrarse realizando patrullaje preventivo en zona rural de esa localidad, procedi\u00f3 a detener la marcha de una camioneta doble cabina marca Chevrolet, la cual era conducida por una persona de 36 a\u00f1os, que iba junto a otros cuatro hombres.<\/p>\n<p>Al momento de la identificaci\u00f3n, el conductor de veh\u00edculo manifest\u00f3 que ven\u00edan de realizar la actividad de caza, y que adem\u00e1s transportaban chanchos salvajes (cimarr\u00f3n), tat\u00faes sin vida &#8211; producto de la caza furtiva -, como as\u00ed tambi\u00e9n canes que utilizaban para dicha actividad.<\/p>\n<p>Los numerarios rurales procedieron a requisar el veh\u00edculo, logrando visualizar que en el interior del motor transportaban una bolsa de nylon atada con alambre y soga, conteniendo en el interior dos escopetas calibre 16, y varios cartuchos intactos mismo calibre.<\/p>\n<p>En consecuencia, procedieron al secuestro preventivo del armamento y de la totalidad del producto c\u00e1rnico. Continuando con la requisa, en el habit\u00e1culo hallaron dos machetes, dos cuchillos, y otros elementos que utilizaban, los que tambi\u00e9n fueron secuestrados.<\/p>\n<p>Todos fueron notificados infracci\u00f3n a la ley de protecci\u00f3n y conservaci\u00f3n de la fauna silvestre, y el propietario de las armas de fuego por tenencia indebida de arma de fuego y uso civil, todo por disposici\u00f3n del fiscal en turno.<\/p>\n<p>En cuanto al producto c\u00e1rnico, fue decomisado y desnaturalizado.<\/p>\n<p><a href=\"https:\/\/infovera.com.ar\/web\/wp-content\/uploads\/2022\/11\/Seccion-No-33-La-Gallareta..jpeg\"><img loading=\"lazy\" decoding=\"async\" class=\"alignleft size-full wp-image-41458\" src=\"https:\/\/infovera.com.ar\/web\/wp-content\/uploads\/2022\/11\/Seccion-No-33-La-Gallareta..jpeg\" alt=\"\" width=\"1156\" height=\"868\" srcset=\"https:\/\/infovera.com.ar\/web\/wp-content\/uploads\/2022\/11\/Seccion-No-33-La-Gallareta..jpeg 1156w, https:\/\/infovera.com.ar\/web\/wp-content\/uploads\/2022\/11\/Seccion-No-33-La-Gallareta.-696x523.jpeg 696w, https:\/\/infovera.com.ar\/web\/wp-content\/uploads\/2022\/11\/Seccion-No-33-La-Gallareta.-1068x802.jpeg 1068w, https:\/\/infovera.com.ar\/web\/wp-content\/uploads\/2022\/11\/Seccion-No-33-La-Gallareta.-559x420.jpeg 559w, https:\/\/infovera.com.ar\/web\/wp-content\/uploads\/2022\/11\/Seccion-No-33-La-Gallareta.-80x60.jpeg 80w, https:\/\/infovera.com.ar\/web\/wp-content\/uploads\/2022\/11\/Seccion-No-33-La-Gallareta.-265x198.jpeg 265w\" sizes=\"auto, (max-width: 1156px) 100vw, 1156px\" \/><\/a><\/p>\n","protected":false},"excerpt":{"rendered":"<p>\u201cLos Pumas\u201d, de La Gallareta secuestraron dos armas de fuego y notificaron a cinco cazadores por\u00a0tenencia indebida de arma de fuego e infracci\u00f3n a la Nac. 22421. Abocados a patrullajes preventivos por zona rural, efectivos de la Secci\u00f3n 33 identificaron a cinco sujetos a quienes notificaron de las mencionadas infracciones. Personal policial de la Seccion [&hellip;]<\/p>\n","protected":false},"author":3,"featured_media":41457,"comment_status":"closed","ping_status":"closed","sticky":false,"template":"","format":"standard","meta":{"_joinchat":[],"footnotes":""},"categories":[51,30],"tags":[],"class_list":{"0":"post-41456","1":"post","2":"type-post","3":"status-publish","4":"format-standard","5":"has-post-thumbnail","7":"category-locales","8":"category-policiales"},"_links":{"self":[{"href":"https:\/\/infovera.com.ar\/web\/wp-json\/wp\/v2\/posts\/41456","targetHints":{"allow":["GET"]}}],"collection":[{"href":"https:\/\/infovera.com.ar\/web\/wp-json\/wp\/v2\/posts"}],"about":[{"href":"https:\/\/infovera.com.ar\/web\/wp-json\/wp\/v2\/types\/post"}],"author":[{"embeddable":true,"href":"https:\/\/infovera.com.ar\/web\/wp-json\/wp\/v2\/users\/3"}],"replies":[{"embeddable":true,"href":"https:\/\/infovera.com.ar\/web\/wp-json\/wp\/v2\/comments?post=41456"}],"version-history":[{"count":0,"href":"https:\/\/infovera.com.ar\/web\/wp-json\/wp\/v2\/posts\/41456\/revisions"}],"wp:featuredmedia":[{"embeddable":true,"href":"https:\/\/infovera.com.ar\/web\/wp-json\/wp\/v2\/media\/41457"}],"wp:attachment":[{"href":"https:\/\/infovera.com.ar\/web\/wp-json\/wp\/v2\/media?parent=41456"}],"wp:term":[{"taxonomy":"category","embeddable":true,"href":"https:\/\/infovera.com.ar\/web\/wp-json\/wp\/v2\/categories?post=41456"},{"taxonomy":"post_tag","embeddable":true,"href":"https:\/\/infovera.com.ar\/web\/wp-json\/wp\/v2\/tags?post=41456"}],"curies":[{"name":"wp","href":"https:\/\/api.w.org\/{rel}","templated":true}]}}