{"id":41443,"date":"2022-11-24T16:31:34","date_gmt":"2022-11-24T19:31:34","guid":{"rendered":"https:\/\/infovera.com.ar\/web\/?p=41443"},"modified":"2022-11-24T16:31:34","modified_gmt":"2022-11-24T19:31:34","slug":"autoridades-de-la-epe-inspeccionaron-el-avance-de-obras-en-la-estacion-transformadora-de-vera","status":"publish","type":"post","link":"https:\/\/infovera.com.ar\/web\/2022\/11\/24\/autoridades-de-la-epe-inspeccionaron-el-avance-de-obras-en-la-estacion-transformadora-de-vera\/","title":{"rendered":"Autoridades de la EPE inspeccionaron el avance de obras en la Estaci\u00f3n Transformadora de Vera"},"content":{"rendered":"<p><strong>Tambi\u00e9n abordaron cuestiones de infraestructura con los presidentes comunales de Fort\u00edn Olmos y Garabato.<\/strong><\/p>\n<p>Participaron el presidente de la EPE, Mauricio Caussi; Gisela Wild y Hugo Zin, integrantes del Directorio; y el jefe de la Sucursal Reconquista, Mart\u00edn Arizaga; acompa\u00f1ados por el senador del departamento Vera, Osvaldo Sosa.<\/p>\n<p>El Directorio de la Empresa Provincial de la Energ\u00eda (EPE) desarrolla una intensa actividad asociada con la prestaci\u00f3n del servicio el\u00e9ctrico en los departamentos Vera y General Obligado, con el objetivo de disminuir las asimetr\u00edas regionales, con m\u00e1s infraestructura para las distintas comunidades.<\/p>\n<p>En ese marco, autoridades de la Empresa realizaron una recorrida por Vera y mantuvieron reuniones con los presidentes comunales de Fort\u00edn Olmos y de Garabato, actividades de las que participaron el presidente de la EPE, Mauricio Caussi; Gisela Wild y Hugo Zin, integrantes del Directorio; y el jefe de la Sucursal Reconquista, Mart\u00edn Arizaga; acompa\u00f1ados por el senador del departamento Vera, Osvaldo Sosa.<\/p>\n<p>En la Estaci\u00f3n Transformadora de Vera se verific\u00f3 el comienzo de la obra sobre la Ruta Provincial N\u00b03, que demanda una inversi\u00f3n superior a los $ 1.000 millones para potenciar el abastecimiento de energ\u00eda en la regi\u00f3n.<\/p>\n<p>Caussi dijo que \u201cconversamos con trabajadores de la UTE Proyecci\u00f3n Electroluz-Bauz\u00e1, que est\u00e1n a cargo de los trabajos, supervisando el avance de obra inicial y resolviendo algunas gestiones para lograr una buena din\u00e1mica de las tareas\u201d.<\/p>\n<p>Luego, junto al presidente comunal de en Fort\u00edn Olmos, Rodrigo Acevedo, y el senador provincial abordaron cuestiones referidas a las obras de renovaci\u00f3n de m\u00e1s de 4.000 metros de la red de baja tensi\u00f3n con cable preensamblado, la conexi\u00f3n de las acometidas a la red y las alternativas para mejorar el v\u00ednculo en el sistema de media tensi\u00f3n con la localidad de Garabato.<\/p>\n<p>Caussi destac\u00f3 que \u201ctambi\u00e9n particip\u00f3 del encuentro un numeroso grupo de vecinos, que recibieron informaci\u00f3n actualizada de lo realizado y los proyectos que se est\u00e1n reelaborando, analizando la problem\u00e1tica particular, especialmente en lo central que son las vinculaciones con los puntos de alimentaci\u00f3n del sistema de media tensi\u00f3n.\u201d<\/p>\n<p>Mientras, Acevedo reconoci\u00f3 que \u201cdespu\u00e9s de d\u00e9cadas, la EPE est\u00e1 avanzando en las mejoras en obras el\u00e9ctricas que signifiquen una mejor calidad de vida para las vecinas y vecinos de la localidad.\u201d<\/p>\n<p>Finalmente, en la casa del Senado de Vera, el titular de la EPE dijo que durante una reuni\u00f3n con la presidenta comunal de Garabato, Belkis Villalba, \u201ctratamos una serie de inquietudes en materia de mejoras en la infraestructura de la red de baja tensi\u00f3n y la regularizaci\u00f3n de usuarios de su zona al sistema comercial de la empresa\u201d.<\/p>\n","protected":false},"excerpt":{"rendered":"<p>Tambi\u00e9n abordaron cuestiones de infraestructura con los presidentes comunales de Fort\u00edn Olmos y Garabato. Participaron el presidente de la EPE, Mauricio Caussi; Gisela Wild y Hugo Zin, integrantes del Directorio; y el jefe de la Sucursal Reconquista, Mart\u00edn Arizaga; acompa\u00f1ados por el senador del departamento Vera, Osvaldo Sosa. El Directorio de la Empresa Provincial de [&hellip;]<\/p>\n","protected":false},"author":3,"featured_media":41444,"comment_status":"closed","ping_status":"closed","sticky":false,"template":"","format":"standard","meta":{"_joinchat":[],"footnotes":""},"categories":[56],"tags":[],"class_list":{"0":"post-41443","1":"post","2":"type-post","3":"status-publish","4":"format-standard","5":"has-post-thumbnail","7":"category-destacados"},"_links":{"self":[{"href":"https:\/\/infovera.com.ar\/web\/wp-json\/wp\/v2\/posts\/41443","targetHints":{"allow":["GET"]}}],"collection":[{"href":"https:\/\/infovera.com.ar\/web\/wp-json\/wp\/v2\/posts"}],"about":[{"href":"https:\/\/infovera.com.ar\/web\/wp-json\/wp\/v2\/types\/post"}],"author":[{"embeddable":true,"href":"https:\/\/infovera.com.ar\/web\/wp-json\/wp\/v2\/users\/3"}],"replies":[{"embeddable":true,"href":"https:\/\/infovera.com.ar\/web\/wp-json\/wp\/v2\/comments?post=41443"}],"version-history":[{"count":0,"href":"https:\/\/infovera.com.ar\/web\/wp-json\/wp\/v2\/posts\/41443\/revisions"}],"wp:featuredmedia":[{"embeddable":true,"href":"https:\/\/infovera.com.ar\/web\/wp-json\/wp\/v2\/media\/41444"}],"wp:attachment":[{"href":"https:\/\/infovera.com.ar\/web\/wp-json\/wp\/v2\/media?parent=41443"}],"wp:term":[{"taxonomy":"category","embeddable":true,"href":"https:\/\/infovera.com.ar\/web\/wp-json\/wp\/v2\/categories?post=41443"},{"taxonomy":"post_tag","embeddable":true,"href":"https:\/\/infovera.com.ar\/web\/wp-json\/wp\/v2\/tags?post=41443"}],"curies":[{"name":"wp","href":"https:\/\/api.w.org\/{rel}","templated":true}]}}