{"id":41321,"date":"2022-11-13T11:34:29","date_gmt":"2022-11-13T14:34:29","guid":{"rendered":"https:\/\/infovera.com.ar\/web\/?p=41321"},"modified":"2022-11-14T13:01:18","modified_gmt":"2022-11-14T16:01:18","slug":"calchaqui-la-policia-detuvo-a-un-joven-que-robo-y-destrozo-un-auto-pero-fue-liberado","status":"publish","type":"post","link":"https:\/\/infovera.com.ar\/web\/2022\/11\/13\/calchaqui-la-policia-detuvo-a-un-joven-que-robo-y-destrozo-un-auto-pero-fue-liberado\/","title":{"rendered":"Calchaqu\u00ed: la polic\u00eda detuvo a un joven que rob\u00f3 y destroz\u00f3 un auto, pero fue liberado"},"content":{"rendered":"<p><strong>Con relaci\u00f3n a la denuncia radicada el s\u00e1bado sobre el hurto de autom\u00f3vil Gol Trend de color gris, de diligencias investigativas efectuadas<\/strong> por personal de la Comisaria 2da. de Calchaqu\u00ed se estableci\u00f3 que no ser\u00eda ajeno al il\u00edcito un joven de 25 a\u00f1os de apellido Molina, domiciliado en la ciudad.<\/p>\n<p>Aprehendido el causante, se dio conocimiento e intervenci\u00f3n al fiscal en turno quien orden\u00f3 que finalizadas las diligencias el joven recupere su libertad.<\/p>\n<p>El hecho tuvo lugar el s\u00e1bado y fue denunciado por una mujer, propietaria del veh\u00edculo, que fue hallado luego abandonado sobre calle Sim\u00f3n de Iriondo, en su intersecci\u00f3n con calle Mitre, en estado de abandono y con serios da\u00f1os en su estructura.<\/p>\n<p>La denunciante manifest\u00f3 haber dejado en horas de la noche el autom\u00f3vil sin medidas de seguridad y con las llaves de arranque puestas, sobre calle Roque S\u00e1enz Pe\u00f1a, frente a su domicilio.<\/p>\n","protected":false},"excerpt":{"rendered":"<p>Con relaci\u00f3n a la denuncia radicada el s\u00e1bado sobre el hurto de autom\u00f3vil Gol Trend de color gris, de diligencias investigativas efectuadas por personal de la Comisaria 2da. de Calchaqu\u00ed se estableci\u00f3 que no ser\u00eda ajeno al il\u00edcito un joven de 25 a\u00f1os de apellido Molina, domiciliado en la ciudad. Aprehendido el causante, se dio [&hellip;]<\/p>\n","protected":false},"author":3,"featured_media":41322,"comment_status":"closed","ping_status":"closed","sticky":false,"template":"","format":"standard","meta":{"_joinchat":[],"footnotes":""},"categories":[52,30],"tags":[],"class_list":{"0":"post-41321","1":"post","2":"type-post","3":"status-publish","4":"format-standard","5":"has-post-thumbnail","7":"category-calchaqui","8":"category-policiales"},"_links":{"self":[{"href":"https:\/\/infovera.com.ar\/web\/wp-json\/wp\/v2\/posts\/41321","targetHints":{"allow":["GET"]}}],"collection":[{"href":"https:\/\/infovera.com.ar\/web\/wp-json\/wp\/v2\/posts"}],"about":[{"href":"https:\/\/infovera.com.ar\/web\/wp-json\/wp\/v2\/types\/post"}],"author":[{"embeddable":true,"href":"https:\/\/infovera.com.ar\/web\/wp-json\/wp\/v2\/users\/3"}],"replies":[{"embeddable":true,"href":"https:\/\/infovera.com.ar\/web\/wp-json\/wp\/v2\/comments?post=41321"}],"version-history":[{"count":0,"href":"https:\/\/infovera.com.ar\/web\/wp-json\/wp\/v2\/posts\/41321\/revisions"}],"wp:featuredmedia":[{"embeddable":true,"href":"https:\/\/infovera.com.ar\/web\/wp-json\/wp\/v2\/media\/41322"}],"wp:attachment":[{"href":"https:\/\/infovera.com.ar\/web\/wp-json\/wp\/v2\/media?parent=41321"}],"wp:term":[{"taxonomy":"category","embeddable":true,"href":"https:\/\/infovera.com.ar\/web\/wp-json\/wp\/v2\/categories?post=41321"},{"taxonomy":"post_tag","embeddable":true,"href":"https:\/\/infovera.com.ar\/web\/wp-json\/wp\/v2\/tags?post=41321"}],"curies":[{"name":"wp","href":"https:\/\/api.w.org\/{rel}","templated":true}]}}