{"id":41276,"date":"2022-11-09T12:19:40","date_gmt":"2022-11-09T15:19:40","guid":{"rendered":"https:\/\/infovera.com.ar\/web\/?p=41276"},"modified":"2022-11-12T07:10:41","modified_gmt":"2022-11-12T10:10:41","slug":"vialidad-realiza-trabajos-de-bacheo-en-la-ruta-11","status":"publish","type":"post","link":"https:\/\/infovera.com.ar\/web\/2022\/11\/09\/vialidad-realiza-trabajos-de-bacheo-en-la-ruta-11\/","title":{"rendered":"Vialidad realiza trabajos de bacheo en la Ruta 11"},"content":{"rendered":"<p><strong>Vialidad Nacional, con personal y equipamiento del 7\u00ba Distrito Santa Fe, sostiene acciones de bacheo de transitabilidad en diversos puntos de la Ruta Nacional N\u00ba 11. <\/strong><\/p>\n<p>Esta semana las mejoras se concentran entre Nelson y Gobernador Crespo. Con dos cuadrillas de trabajadores viales se intervienen en los sectores m\u00e1s deteriorados del corredor, puntualmente entre Cabal y Videla; y desde San Justo a Gobernador Crespo. Debido a la presencia de equipos y personal se produce una reducci\u00f3n de carril, con paso alternado de a una mano por vez, coordinado por banderilleros, y carteler\u00eda de advertencia a los conductores.<\/p>\n<p>Las intervenciones preventivas sobre Ruta 11, tanto hacia el norte como hacia el sur de Santa Fe, buscan conservar la transitabilidad hasta el inicio de las obras licitadas para los tramos Rosario-Santa Fe y Gobernador Crespo-Avellaneda. Paralelamente, Vialidad Nacional avanza con la tramitaci\u00f3n final para licitar una obra de recuperaci\u00f3n y mantenimiento para el trayecto entre Santa Fe y Gobernador Crespo, por seis a\u00f1os de plazo, con una repavimentaci\u00f3n completa de todo el tramo.<\/p>\n<p>En otro orden, dentro de las acciones de conservaci\u00f3n de Ruta Nacional N\u00ba 11, el 7\u00ba Distrito efect\u00faa la supervisi\u00f3n de un contrato de corte de pasto y desmalezado entre Santa Fe y Rosario, con un frente de tareas que avanza estos d\u00edas hacia el sur entre Coronda y Arocena. En la semana pr\u00f3xima se sumar\u00e1 otro frente de corte de pasto desde la Circunvalaci\u00f3n Oeste de Santa Fe hacia el norte, hasta Gobernador Crespo.<\/p>\n","protected":false},"excerpt":{"rendered":"<p>Vialidad Nacional, con personal y equipamiento del 7\u00ba Distrito Santa Fe, sostiene acciones de bacheo de transitabilidad en diversos puntos de la Ruta Nacional N\u00ba 11. Esta semana las mejoras se concentran entre Nelson y Gobernador Crespo. Con dos cuadrillas de trabajadores viales se intervienen en los sectores m\u00e1s deteriorados del corredor, puntualmente entre Cabal [&hellip;]<\/p>\n","protected":false},"author":3,"featured_media":41277,"comment_status":"closed","ping_status":"closed","sticky":false,"template":"","format":"standard","meta":{"_joinchat":[],"footnotes":""},"categories":[51],"tags":[],"class_list":{"0":"post-41276","1":"post","2":"type-post","3":"status-publish","4":"format-standard","5":"has-post-thumbnail","7":"category-locales"},"_links":{"self":[{"href":"https:\/\/infovera.com.ar\/web\/wp-json\/wp\/v2\/posts\/41276","targetHints":{"allow":["GET"]}}],"collection":[{"href":"https:\/\/infovera.com.ar\/web\/wp-json\/wp\/v2\/posts"}],"about":[{"href":"https:\/\/infovera.com.ar\/web\/wp-json\/wp\/v2\/types\/post"}],"author":[{"embeddable":true,"href":"https:\/\/infovera.com.ar\/web\/wp-json\/wp\/v2\/users\/3"}],"replies":[{"embeddable":true,"href":"https:\/\/infovera.com.ar\/web\/wp-json\/wp\/v2\/comments?post=41276"}],"version-history":[{"count":0,"href":"https:\/\/infovera.com.ar\/web\/wp-json\/wp\/v2\/posts\/41276\/revisions"}],"wp:featuredmedia":[{"embeddable":true,"href":"https:\/\/infovera.com.ar\/web\/wp-json\/wp\/v2\/media\/41277"}],"wp:attachment":[{"href":"https:\/\/infovera.com.ar\/web\/wp-json\/wp\/v2\/media?parent=41276"}],"wp:term":[{"taxonomy":"category","embeddable":true,"href":"https:\/\/infovera.com.ar\/web\/wp-json\/wp\/v2\/categories?post=41276"},{"taxonomy":"post_tag","embeddable":true,"href":"https:\/\/infovera.com.ar\/web\/wp-json\/wp\/v2\/tags?post=41276"}],"curies":[{"name":"wp","href":"https:\/\/api.w.org\/{rel}","templated":true}]}}