{"id":41270,"date":"2022-11-09T09:30:13","date_gmt":"2022-11-09T12:30:13","guid":{"rendered":"https:\/\/infovera.com.ar\/web\/?p=41270"},"modified":"2022-11-09T09:30:13","modified_gmt":"2022-11-09T12:30:13","slug":"decomisan-130-kilos-de-carne-vacuna","status":"publish","type":"post","link":"https:\/\/infovera.com.ar\/web\/2022\/11\/09\/decomisan-130-kilos-de-carne-vacuna\/","title":{"rendered":"Decomisan 130 kilos de carne vacuna"},"content":{"rendered":"<p><strong>La Guardia Rural \u201cLos Pumas\u201d de Vera labr\u00f3 acta por infracci\u00f3n al<\/strong><br \/>\n<strong>ART.206 del C.P.A. Personal policial secuestr\u00f3 130 kg de carne vacuna fraccionados en diferentes cortes.\u00a0<\/strong><\/p>\n<p>En momentos que personal de esa dependencia se encontraba realizando patrullaje preventivo por zona rural de la localidad de Vera, mediante un llamado telef\u00f3nico fue informado por parte de personal policial de la Direccion General de Seguridad Vial que, sobre Ruta\u00a0 98 km 26, se detuvo la marcha de una camioneta Toyota, conducida por un sujeto que transportaba dentro de la caja del veh\u00edculo un animal vacuno faenado.<\/p>\n<p>Inmediatamente, los efectivos rurales arribados a dicho lugar constataron en la parte trasera del veh\u00edculo una sierra, una chaira, un cuchillo, bolsas conteniendo en su interior 130 Kg de carne vacuna fraccionados en diferentes cortes.<\/p>\n<p>En consecuencia, procedieron al secuestro preventivo de todos los elementos y al traslado del sujeto hasta sede policial, donde previo conocimiento el fiscal en turno dispuso que el sujeto en cuesti\u00f3n fuera notificado de sus derechos y por la violaci\u00f3n a las reglas establecidas por las Leyes de Polic\u00eda Sanitaria Animal.<\/p>\n<p>En cuanto a los cortes c\u00e1rnicos secuestrados, el m\u00e9dico veterinario aconsej\u00f3 que se realice su desnaturalizaci\u00f3n en la cava municipal, mediante incineraci\u00f3n en presencia de testigo, por no encontrarse apto para consumo humano.<\/p>\n","protected":false},"excerpt":{"rendered":"<p>La Guardia Rural \u201cLos Pumas\u201d de Vera labr\u00f3 acta por infracci\u00f3n al ART.206 del C.P.A. Personal policial secuestr\u00f3 130 kg de carne vacuna fraccionados en diferentes cortes.\u00a0 En momentos que personal de esa dependencia se encontraba realizando patrullaje preventivo por zona rural de la localidad de Vera, mediante un llamado telef\u00f3nico fue informado por parte [&hellip;]<\/p>\n","protected":false},"author":3,"featured_media":41271,"comment_status":"closed","ping_status":"closed","sticky":false,"template":"","format":"standard","meta":{"_joinchat":[],"footnotes":""},"categories":[30,53],"tags":[],"class_list":{"0":"post-41270","1":"post","2":"type-post","3":"status-publish","4":"format-standard","5":"has-post-thumbnail","7":"category-policiales","8":"category-vera"},"_links":{"self":[{"href":"https:\/\/infovera.com.ar\/web\/wp-json\/wp\/v2\/posts\/41270","targetHints":{"allow":["GET"]}}],"collection":[{"href":"https:\/\/infovera.com.ar\/web\/wp-json\/wp\/v2\/posts"}],"about":[{"href":"https:\/\/infovera.com.ar\/web\/wp-json\/wp\/v2\/types\/post"}],"author":[{"embeddable":true,"href":"https:\/\/infovera.com.ar\/web\/wp-json\/wp\/v2\/users\/3"}],"replies":[{"embeddable":true,"href":"https:\/\/infovera.com.ar\/web\/wp-json\/wp\/v2\/comments?post=41270"}],"version-history":[{"count":0,"href":"https:\/\/infovera.com.ar\/web\/wp-json\/wp\/v2\/posts\/41270\/revisions"}],"wp:featuredmedia":[{"embeddable":true,"href":"https:\/\/infovera.com.ar\/web\/wp-json\/wp\/v2\/media\/41271"}],"wp:attachment":[{"href":"https:\/\/infovera.com.ar\/web\/wp-json\/wp\/v2\/media?parent=41270"}],"wp:term":[{"taxonomy":"category","embeddable":true,"href":"https:\/\/infovera.com.ar\/web\/wp-json\/wp\/v2\/categories?post=41270"},{"taxonomy":"post_tag","embeddable":true,"href":"https:\/\/infovera.com.ar\/web\/wp-json\/wp\/v2\/tags?post=41270"}],"curies":[{"name":"wp","href":"https:\/\/api.w.org\/{rel}","templated":true}]}}