{"id":41236,"date":"2022-11-07T11:44:25","date_gmt":"2022-11-07T14:44:25","guid":{"rendered":"https:\/\/infovera.com.ar\/web\/?p=41236"},"modified":"2022-11-07T11:44:25","modified_gmt":"2022-11-07T14:44:25","slug":"bonfatti-solicito-a-la-fiscalia-general-que-se-pronuncie-para-aportar-a-la-verdad-y-la-justicia","status":"publish","type":"post","link":"https:\/\/infovera.com.ar\/web\/2022\/11\/07\/bonfatti-solicito-a-la-fiscalia-general-que-se-pronuncie-para-aportar-a-la-verdad-y-la-justicia\/","title":{"rendered":"Bonfatti solicit\u00f3 a la Fiscal\u00eda General que se pronuncie \u201cpara aportar a la verdad y la justicia\u201d"},"content":{"rendered":"<p><strong>El ex gobernador de Santa Fe present\u00f3 el viernes \u00faltimo un escrito, ante lo que consider\u00f3 una reiterada campa\u00f1a de calumnias y difamaciones<\/strong><\/p>\n<p>Antonio Bonfatti, ex gobernador de Santa Fe, present\u00f3 el viernes \u00faltimo un escrito ante el Fiscal General de la Provincia, doctor Jorge Baclini, solicitando se le informe si su nombre aparece involucrado en alguna de las causas que se tramitan en esa instancia judicial, y reclam\u00f3 en tal sentido la urgencia de \u201caportar claridad a la ciudadan\u00eda y contribuir a la verdad\u201d.<\/p>\n<p>La decisi\u00f3n del ex gobernador de recurrir a la Justicia de esta manera ocurre, seg\u00fan \u00e9l mismo indic\u00f3, \u201cante las numerosas manifestaciones, publicaciones y campa\u00f1as en redes sociales que desde hace tiempo y de manera sistem\u00e1tica apuntan a asociar a mi persona, al partido que integro y a los frentes que hemos integrado, con uno de los peores flagelos, como es el narcotr\u00e1fico\u201d.<\/p>\n<p>\u201cEstamos dispuestos a discutir qu\u00e9 cosas se hicieron bien y qu\u00e9 cosas se hicieron mal, pero no a soportar m\u00e1s la mentira y la difamaci\u00f3n\u201d, subray\u00f3 al respecto Bonfatti, y dijo estar convencido de que tales campa\u00f1as \u201cno persiguen instalar un debate serio\u201d sobre las pol\u00edticas del Frente Progresista en Santa Fe, sino que \u201capelan al agravio y la descalificaci\u00f3n\u201d.<\/p>\n<p>\u201cEsas pol\u00edticas que nosotros estamos dispuestos a debatir son las que permitieron transformar el sistema de justicia penal de la provincia en uno de los mejores del pa\u00eds, a combatir la corrupci\u00f3n policial y al mismo tiempo desarrollar un plan de seguridad p\u00fablica\u201d, sostuvo el ex gobernador, quien destac\u00f3 adem\u00e1s \u201cque los l\u00edderes m\u00e1s connotados de las bandas vinculadas al narcotr\u00e1fico fueron apresadas e hizo hincapi\u00e9 en las pol\u00edticas sociales implementadas durante las gestiones del Frente Progresista, entre las que cit\u00f3 el \u201cPlan Abre\u201d, \u201cVuelvo a Estudiar\u201d y \u201cNueva Oportunidad\u201d.<\/p>\n<p>Asimismo, fue elocuentemente al expresar\u00a0 su \u201chartazgo por las reiteradas difamaciones\u201d.<br \/>\nAnte la situaci\u00f3n planteada, Bonfatti recibi\u00f3 el expl\u00edcito respaldo de muchos dirigentes de su sector pol\u00edtico. En esa direcci\u00f3n se pronunciaron los diputados nacionales M\u00f3nica Fein y Enrique Est\u00e9vez (presidenta del PS a nivel nacional y secretario general del PS en Santa Fe, respectivamente); el presidente de la C\u00e1mara de Diputados de la provincia, Pablo Far\u00edas; los diputados provinciales Joaqu\u00edn Blanco, Clara Garc\u00eda, Esteban Lenci, Nico Aimar y Leonela Catalini; las concejalas Laura Mondino y M\u00f3nica Ferrero, y los dirigentes Rub\u00e9n Galassi y Fernando Asegurado, entre otros.<\/p>\n<p>\u201cOtra de las infamias que he tenido que soportar en estos tiempos es la que siembra dudas sobre los motivos de uno de los peores atentados institucionales que registra Santa Fe y del que fui v\u00edctima, cuando la casa donde estaba con mi esposa fue baleada el 11 de octubre de 2013. Ese ataque fue una respuesta a las pol\u00edticas de persecuci\u00f3n a las mafias. Ataques que, lamentablemente, en los a\u00f1os sucesivos y de manera reciente tambi\u00e9n se reiteraron contra funcionarios del poder judicial y otras instituciones del Estado\u201d, record\u00f3 el ex gobernador.<\/p>\n<p>En este punto, Bonfatti llam\u00f3 a la reflexi\u00f3n sobre la gravedad que implica sospechar de las v\u00edctimas de los ataques y pidi\u00f3 tener memoria al respecto: \u201cQuienes pretenden instalar el algo habr\u00e1n hecho o algo habr\u00e1n incumplido no s\u00f3lo menosprecian el trabajo de quienes combaten estas mafias, sino que reinstalan en nuestra sociedad frases usadas que nos recuerdan \u00e9pocas tr\u00e1gicas de nuestro pa\u00eds\u201d.<\/p>\n<p>Antonio Bonfatti remarc\u00f3 finalmente el sentido de su pedido a la Justicia: \u201cSolicito a la Fiscal\u00eda General del Ministerio P\u00fablico de la Acusaci\u00f3n que aclare mi situaci\u00f3n para aportar a la verdad y la justicia, y porque no estoy dispuesto a seguir tolerando las calumnias e injurias que han vertido sobre mi persona y el partido del que formo parte desde hace m\u00e1s de cincuenta a\u00f1os\u201d.<\/p>\n","protected":false},"excerpt":{"rendered":"<p>El ex gobernador de Santa Fe present\u00f3 el viernes \u00faltimo un escrito, ante lo que consider\u00f3 una reiterada campa\u00f1a de calumnias y difamaciones Antonio Bonfatti, ex gobernador de Santa Fe, present\u00f3 el viernes \u00faltimo un escrito ante el Fiscal General de la Provincia, doctor Jorge Baclini, solicitando se le informe si su nombre aparece involucrado [&hellip;]<\/p>\n","protected":false},"author":3,"featured_media":41237,"comment_status":"closed","ping_status":"closed","sticky":false,"template":"","format":"standard","meta":{"_joinchat":[],"footnotes":""},"categories":[66,60],"tags":[],"class_list":{"0":"post-41236","1":"post","2":"type-post","3":"status-publish","4":"format-standard","5":"has-post-thumbnail","7":"category-politica","8":"category-provinciales"},"_links":{"self":[{"href":"https:\/\/infovera.com.ar\/web\/wp-json\/wp\/v2\/posts\/41236","targetHints":{"allow":["GET"]}}],"collection":[{"href":"https:\/\/infovera.com.ar\/web\/wp-json\/wp\/v2\/posts"}],"about":[{"href":"https:\/\/infovera.com.ar\/web\/wp-json\/wp\/v2\/types\/post"}],"author":[{"embeddable":true,"href":"https:\/\/infovera.com.ar\/web\/wp-json\/wp\/v2\/users\/3"}],"replies":[{"embeddable":true,"href":"https:\/\/infovera.com.ar\/web\/wp-json\/wp\/v2\/comments?post=41236"}],"version-history":[{"count":0,"href":"https:\/\/infovera.com.ar\/web\/wp-json\/wp\/v2\/posts\/41236\/revisions"}],"wp:featuredmedia":[{"embeddable":true,"href":"https:\/\/infovera.com.ar\/web\/wp-json\/wp\/v2\/media\/41237"}],"wp:attachment":[{"href":"https:\/\/infovera.com.ar\/web\/wp-json\/wp\/v2\/media?parent=41236"}],"wp:term":[{"taxonomy":"category","embeddable":true,"href":"https:\/\/infovera.com.ar\/web\/wp-json\/wp\/v2\/categories?post=41236"},{"taxonomy":"post_tag","embeddable":true,"href":"https:\/\/infovera.com.ar\/web\/wp-json\/wp\/v2\/tags?post=41236"}],"curies":[{"name":"wp","href":"https:\/\/api.w.org\/{rel}","templated":true}]}}