{"id":41230,"date":"2022-11-07T08:07:47","date_gmt":"2022-11-07T11:07:47","guid":{"rendered":"https:\/\/infovera.com.ar\/web\/?p=41230"},"modified":"2022-11-08T10:50:24","modified_gmt":"2022-11-08T13:50:24","slug":"fallecio-uno-de-los-jovenes-verenses-accidentados-en-la-ruta-36","status":"publish","type":"post","link":"https:\/\/infovera.com.ar\/web\/2022\/11\/07\/fallecio-uno-de-los-jovenes-verenses-accidentados-en-la-ruta-36\/","title":{"rendered":"Falleci\u00f3 uno de los j\u00f3venes verenses accidentados en la Ruta 36"},"content":{"rendered":"<p><strong>Se trata de Rodrigo Navarro, de 21 a\u00f1os.<\/strong><\/p>\n<p>En la ma\u00f1ana de hoy, el joven de 21 a\u00f1os que &#8211; junto a su hermano Maximiliano Navarro, de 20 a\u00f1os, y Esteban Marchetti, de 26 a\u00f1os -, sufri\u00f3 un espectacular vuelco con su pick up a la altura de Costa del Toba, en la Ruta 36, falleci\u00f3 a causa de los politraumatismos que le ocasion\u00f3 el accidente.<\/p>\n<p>En la tarde del s\u00e1bado, los tres j\u00f3venes oriundos de Vera hab\u00edan volcado cuando circulaban por la Ruta 36 y fueron derivados en estado de gravedad a nosocomios de Vera y Romang, aunque luego por la gravedad de las heridas debieron ser derivados a Reconquista.<\/p>\n<p>Hoy, se comunic\u00f3 desde el Hospital de Reconquista el deceso de Rodrigo Navarro.<\/p>\n","protected":false},"excerpt":{"rendered":"<p>Se trata de Rodrigo Navarro, de 21 a\u00f1os. En la ma\u00f1ana de hoy, el joven de 21 a\u00f1os que &#8211; junto a su hermano Maximiliano Navarro, de 20 a\u00f1os, y Esteban Marchetti, de 26 a\u00f1os -, sufri\u00f3 un espectacular vuelco con su pick up a la altura de Costa del Toba, en la Ruta 36, [&hellip;]<\/p>\n","protected":false},"author":3,"featured_media":41193,"comment_status":"closed","ping_status":"closed","sticky":false,"template":"","format":"standard","meta":{"_joinchat":[],"footnotes":""},"categories":[30,53],"tags":[],"class_list":{"0":"post-41230","1":"post","2":"type-post","3":"status-publish","4":"format-standard","5":"has-post-thumbnail","7":"category-policiales","8":"category-vera"},"_links":{"self":[{"href":"https:\/\/infovera.com.ar\/web\/wp-json\/wp\/v2\/posts\/41230","targetHints":{"allow":["GET"]}}],"collection":[{"href":"https:\/\/infovera.com.ar\/web\/wp-json\/wp\/v2\/posts"}],"about":[{"href":"https:\/\/infovera.com.ar\/web\/wp-json\/wp\/v2\/types\/post"}],"author":[{"embeddable":true,"href":"https:\/\/infovera.com.ar\/web\/wp-json\/wp\/v2\/users\/3"}],"replies":[{"embeddable":true,"href":"https:\/\/infovera.com.ar\/web\/wp-json\/wp\/v2\/comments?post=41230"}],"version-history":[{"count":0,"href":"https:\/\/infovera.com.ar\/web\/wp-json\/wp\/v2\/posts\/41230\/revisions"}],"wp:featuredmedia":[{"embeddable":true,"href":"https:\/\/infovera.com.ar\/web\/wp-json\/wp\/v2\/media\/41193"}],"wp:attachment":[{"href":"https:\/\/infovera.com.ar\/web\/wp-json\/wp\/v2\/media?parent=41230"}],"wp:term":[{"taxonomy":"category","embeddable":true,"href":"https:\/\/infovera.com.ar\/web\/wp-json\/wp\/v2\/categories?post=41230"},{"taxonomy":"post_tag","embeddable":true,"href":"https:\/\/infovera.com.ar\/web\/wp-json\/wp\/v2\/tags?post=41230"}],"curies":[{"name":"wp","href":"https:\/\/api.w.org\/{rel}","templated":true}]}}