{"id":41166,"date":"2022-11-03T12:23:07","date_gmt":"2022-11-03T15:23:07","guid":{"rendered":"https:\/\/infovera.com.ar\/web\/?p=41166"},"modified":"2022-11-06T15:46:59","modified_gmt":"2022-11-06T18:46:59","slug":"condenaron-a-un-comisario-por-vejaciones-calificadas-y-absolvieron-a-otro","status":"publish","type":"post","link":"https:\/\/infovera.com.ar\/web\/2022\/11\/03\/condenaron-a-un-comisario-por-vejaciones-calificadas-y-absolvieron-a-otro\/","title":{"rendered":"Condenaron a un comisario por vejaciones calificadas y absolvieron a otro"},"content":{"rendered":"<p><strong>Este mediod\u00eda en Reconquista.\u00a0<\/strong><\/p>\n<p>El fiscal Leandro Mai dijo que esperar\u00e1 los fundamentos de la sentencia, pronunciada por el tribunal pluripersonal integrado por los jueces Santiago Benegas, Gustavo Gon y Mart\u00edn Gauna, para luego opinar sobre la misma, aunque destac\u00f3 que lo principal es que el hecho &#8220;no haya quedado impune. Hoy lo que se logr\u00f3 es un hecho de estas caracter\u00edsticas noa haya quedado impune, que siempre presenta serias dificultades en materia de investigaci\u00f3n porque los que deben colaborar con un hecho de violencia institucional cometido por un funcionario policial, es tambi\u00e9n la agencia de seguridad. Todas esas complejidades, que se dan en un hecho de esta naturaleza fueron las que fuimos sorteando&#8221;.<\/p>\n<p>El funcionario judicial subray\u00f3 &#8220;la valent\u00eda de la familia, de los Romero y de Flores, de mantener en todo momento su versi\u00f3n de lo que hab\u00eda acontecido, pidiendo justicia ante dos altos mandos policiales&#8221;. Creemos que este tipo de delito &#8220;merec\u00eda una pena de cumplimiento efectivo&#8221;, culmin\u00f3.<\/p>\n<p>En la audiencia de lectura del veredicto, los magistrados condenaron al polic\u00eda \u00c1ngel Eduardo Antonio Alem a la pena de tres a\u00f1os de prisi\u00f3n condicional e inhabilitaci\u00f3n especial para ejercer la funci\u00f3n policial por seis a\u00f1os, con m\u00e1s sus accesorias legales.<\/p>\n<p>Fue debido a que hall\u00f3 penalmente responsable del delito de vejaciones calificadas, por haberse cometido con violencia y por resultar un da\u00f1o para la salud de las v\u00edctimas, dos mujeres y un joven de la ciudad de Reconquista.<\/p>\n<p>Por otra parte, el tribunal absolvi\u00f3 a Alem de la presunta comisi\u00f3n del delito de falsedad ideol\u00f3gica de instrumento p\u00fablico en car\u00e1cter autor, y le fij\u00f3 reglas de conducta a observar: prohibici\u00f3n de comunicaci\u00f3n por cualquier medio con las v\u00edctimas, no acercarse a ellas, no consumir alcohol y acreditar la asistencia a cursos o talleres sobre Derechos Humanos dictados por cualquier organismo nacional o provincial.<\/p>\n<p>En tanto, absolvi\u00f3 por el beneficio de la duda\u00a0al imputado comisario Germ\u00e1n Ben\u00edtez de la presunta comisi\u00f3n de los delitos por los que fue condenado su par, en car\u00e1cter de part\u00edcipe secundario.<\/p>\n<p>Alem, de 50 a\u00f1os, era subdirector de la Agrupaci\u00f3n Cuerpos de la Unidad Regional IX cuando protagoniz\u00f3 el salvaje ataque del que resultaron v\u00edctimas un joevn, su madre y su t\u00eda.<\/p>\n<div class=\"wp-playlist wp-audio-playlist wp-playlist-light\">\n\t\t\t<div class=\"wp-playlist-current-item\"><\/div>\n\t\t<audio controls=\"controls\" preload=\"none\" width=\"674\"\n\t\t\t><\/audio>\n\t<div class=\"wp-playlist-next\"><\/div>\n\t<div class=\"wp-playlist-prev\"><\/div>\n\t<noscript>\n\t<ol>\n\t\t<li><a href='https:\/\/infovera.com.ar\/web\/wp-content\/uploads\/2022\/11\/Entrevista-al-fiscal-Leandro-Mai-online-audio-converter.com_.ogg'>Entrevista al fiscal Leandro Mai (online-audio-converter.com)<\/a><\/li>\t<\/ol>\n\t<\/noscript>\n\t<script type=\"application\/json\" class=\"wp-playlist-script\">{\"type\":\"audio\",\"tracklist\":true,\"tracknumbers\":true,\"images\":true,\"artists\":true,\"tracks\":[{\"src\":\"https:\/\/infovera.com.ar\/web\/wp-content\/uploads\/2022\/11\/Entrevista-al-fiscal-Leandro-Mai-online-audio-converter.com_.ogg\",\"type\":\"audio\/ogg\",\"title\":\"Entrevista al fiscal Leandro Mai (online-audio-converter.com)\",\"caption\":\"\",\"description\":\"\\\"Entrevista al fiscal Leandro Mai (online-audio-converter.com)\\\".\",\"meta\":{\"length_formatted\":\"5:00\"},\"image\":{\"src\":\"https:\/\/infovera.com.ar\/web\/wp-includes\/images\/media\/audio.svg\",\"width\":48,\"height\":64},\"thumb\":{\"src\":\"https:\/\/infovera.com.ar\/web\/wp-includes\/images\/media\/audio.svg\",\"width\":48,\"height\":64}}]}<\/script>\n<\/div>\n\t\n<p><strong>Tratos crueles<\/strong><\/p>\n<p>Al elevar la acusaci\u00f3n en marzo del a\u00f1o pasado, el fiscal refiri\u00f3 a que los hechos il\u00edcitos investigados\u00a0 \u201cocurrieron alrededor de las 6 de la madrugada del domingo 17 de mayo del a\u00f1o 202&#8243;, y detall\u00f3 que \u201cfueron en la vereda de una vivienda de la ciudad de Reconquista ubicada en calle Freyre al 100\u201d.<\/p>\n<p>Mai argument\u00f3 que \u201csin justificativo valedero, Alem imparti\u00f3 tratos crueles, \u00e1speros, mortificantes, humillantes y rigurosos a las tres v\u00edctimas\u201d.<\/p>\n<p>El funcionario del MPA expuso que \u201cel entonces subdirector de Cuerpos hiri\u00f3 al hombre con patadas y golpes de pu\u00f1o en diferentes partes del cuerpo\u201d. Narr\u00f3 que \u201cal advertir lo que estaba ocurriendo, las mujeres intentaron auxiliar a su familiar y fueron violentadas&#8221;, por el ahora condenado.<\/p>\n<p><strong>Barbijo<\/strong><\/p>\n<p>\u201cSeg\u00fan el acta de procedimiento firmada por Alem, los hechos sucedieron en el marco de un patrullaje preventivo\u201d, explic\u00f3 Mai. \u201cLos polic\u00edas interceptaron al hombre porque estaba circulando por la v\u00eda p\u00fablica sin barbijo, lo que implicaba una infracci\u00f3n a las medidas sanitarias dispuestas en el marco de la pandemia de coronavirus\u201d, relat\u00f3 Mai.<\/p>\n<p>\u201cSi bien la v\u00edctima no llevaba su nariz y boca cubiertas, la agresi\u00f3n que recibi\u00f3 fue absolutamente desmedida\u201d, expres\u00f3 el fiscal. \u201cLo que ocurri\u00f3 fue un verdadero atentado a la dignidad humana que denota un desprecio total por la vida ajena\u201d, remarc\u00f3 Mai.<\/p>\n<p>Mai afirm\u00f3 tambi\u00e9n que \u201ca sabiendas de que estaba mintiendo, Alem manifest\u00f3 que el hombre y las mujeres le hab\u00edan robado la billetera y hab\u00edan da\u00f1ado los anteojos de GAB\u201d. Al respecto, agreg\u00f3 que \u201ccon su accionar, el polic\u00eda caus\u00f3 un perjuicio a la investigaci\u00f3n del delito y a la fe p\u00fablica\u201d.<\/p>\n","protected":false},"excerpt":{"rendered":"<p>Este mediod\u00eda en Reconquista.\u00a0 El fiscal Leandro Mai dijo que esperar\u00e1 los fundamentos de la sentencia, pronunciada por el tribunal pluripersonal integrado por los jueces Santiago Benegas, Gustavo Gon y Mart\u00edn Gauna, para luego opinar sobre la misma, aunque destac\u00f3 que lo principal es que el hecho &#8220;no haya quedado impune. Hoy lo que se [&hellip;]<\/p>\n","protected":false},"author":3,"featured_media":41167,"comment_status":"closed","ping_status":"closed","sticky":false,"template":"","format":"standard","meta":{"_joinchat":[],"footnotes":""},"categories":[30,55],"tags":[],"class_list":{"0":"post-41166","1":"post","2":"type-post","3":"status-publish","4":"format-standard","5":"has-post-thumbnail","7":"category-policiales","8":"category-reconquista"},"_links":{"self":[{"href":"https:\/\/infovera.com.ar\/web\/wp-json\/wp\/v2\/posts\/41166","targetHints":{"allow":["GET"]}}],"collection":[{"href":"https:\/\/infovera.com.ar\/web\/wp-json\/wp\/v2\/posts"}],"about":[{"href":"https:\/\/infovera.com.ar\/web\/wp-json\/wp\/v2\/types\/post"}],"author":[{"embeddable":true,"href":"https:\/\/infovera.com.ar\/web\/wp-json\/wp\/v2\/users\/3"}],"replies":[{"embeddable":true,"href":"https:\/\/infovera.com.ar\/web\/wp-json\/wp\/v2\/comments?post=41166"}],"version-history":[{"count":0,"href":"https:\/\/infovera.com.ar\/web\/wp-json\/wp\/v2\/posts\/41166\/revisions"}],"wp:featuredmedia":[{"embeddable":true,"href":"https:\/\/infovera.com.ar\/web\/wp-json\/wp\/v2\/media\/41167"}],"wp:attachment":[{"href":"https:\/\/infovera.com.ar\/web\/wp-json\/wp\/v2\/media?parent=41166"}],"wp:term":[{"taxonomy":"category","embeddable":true,"href":"https:\/\/infovera.com.ar\/web\/wp-json\/wp\/v2\/categories?post=41166"},{"taxonomy":"post_tag","embeddable":true,"href":"https:\/\/infovera.com.ar\/web\/wp-json\/wp\/v2\/tags?post=41166"}],"curies":[{"name":"wp","href":"https:\/\/api.w.org\/{rel}","templated":true}]}}