{"id":41066,"date":"2022-10-27T20:48:25","date_gmt":"2022-10-27T23:48:25","guid":{"rendered":"https:\/\/infovera.com.ar\/web\/?p=41066"},"modified":"2022-10-27T20:48:25","modified_gmt":"2022-10-27T23:48:25","slug":"policias-de-vera-se-capacitaron-en-violencia-de-genero","status":"publish","type":"post","link":"https:\/\/infovera.com.ar\/web\/2022\/10\/27\/policias-de-vera-se-capacitaron-en-violencia-de-genero\/","title":{"rendered":"Polic\u00edas de Vera se capacitaron en Violencia de G\u00e9nero"},"content":{"rendered":"<p>En la tarde de hoy jueves 27 del corriente mes y a\u00f1o se dio inicio al &#8220;curso sobre violencia de g\u00e9nero&#8221;, en las instalaciones del Club policial Vera, destinado al personal policial de de las distintas comisarias, sub. Comisarias del departamento con el fin de reforzar los conocimientos de los funcionarios policiales.<\/p>\n<p>En la apertura se dirigi\u00f3 a los presentes el Director el Curso el Jefe de URXIX, Sub. Director de Polic\u00eda Omar Duarte; acompa\u00f1ado por la jefa de la capacitaci\u00f3n, la Comisario Virginia Ca\u00f1ete, Jefa de Divisi\u00f3n Personal de la URXIX, Vera sus disertantes fueron el Comisario David Robert, Jefe de Departamento de Investigaciones de Trata de Personas y Violencia de G\u00e9nero y la Inspector Gisela Galfrascoli, Jefe de Brigada Especial de Femicidios, ambos dependientes de la regi\u00f3n IV de la A.I.C.<\/p>\n","protected":false},"excerpt":{"rendered":"<p>En la tarde de hoy jueves 27 del corriente mes y a\u00f1o se dio inicio al &#8220;curso sobre violencia de g\u00e9nero&#8221;, en las instalaciones del Club policial Vera, destinado al personal policial de de las distintas comisarias, sub. Comisarias del departamento con el fin de reforzar los conocimientos de los funcionarios policiales. En la apertura [&hellip;]<\/p>\n","protected":false},"author":3,"featured_media":41067,"comment_status":"closed","ping_status":"closed","sticky":false,"template":"","format":"standard","meta":{"_joinchat":[],"footnotes":""},"categories":[30],"tags":[],"class_list":{"0":"post-41066","1":"post","2":"type-post","3":"status-publish","4":"format-standard","5":"has-post-thumbnail","7":"category-policiales"},"_links":{"self":[{"href":"https:\/\/infovera.com.ar\/web\/wp-json\/wp\/v2\/posts\/41066","targetHints":{"allow":["GET"]}}],"collection":[{"href":"https:\/\/infovera.com.ar\/web\/wp-json\/wp\/v2\/posts"}],"about":[{"href":"https:\/\/infovera.com.ar\/web\/wp-json\/wp\/v2\/types\/post"}],"author":[{"embeddable":true,"href":"https:\/\/infovera.com.ar\/web\/wp-json\/wp\/v2\/users\/3"}],"replies":[{"embeddable":true,"href":"https:\/\/infovera.com.ar\/web\/wp-json\/wp\/v2\/comments?post=41066"}],"version-history":[{"count":0,"href":"https:\/\/infovera.com.ar\/web\/wp-json\/wp\/v2\/posts\/41066\/revisions"}],"wp:featuredmedia":[{"embeddable":true,"href":"https:\/\/infovera.com.ar\/web\/wp-json\/wp\/v2\/media\/41067"}],"wp:attachment":[{"href":"https:\/\/infovera.com.ar\/web\/wp-json\/wp\/v2\/media?parent=41066"}],"wp:term":[{"taxonomy":"category","embeddable":true,"href":"https:\/\/infovera.com.ar\/web\/wp-json\/wp\/v2\/categories?post=41066"},{"taxonomy":"post_tag","embeddable":true,"href":"https:\/\/infovera.com.ar\/web\/wp-json\/wp\/v2\/tags?post=41066"}],"curies":[{"name":"wp","href":"https:\/\/api.w.org\/{rel}","templated":true}]}}