{"id":40996,"date":"2022-10-25T14:20:30","date_gmt":"2022-10-25T17:20:30","guid":{"rendered":"https:\/\/infovera.com.ar\/web\/?p=40996"},"modified":"2022-10-26T14:52:43","modified_gmt":"2022-10-26T17:52:43","slug":"reconquista-17-anos-de-prision-para-un-medico-por-abusar-de-sus-pacientes","status":"publish","type":"post","link":"https:\/\/infovera.com.ar\/web\/2022\/10\/25\/reconquista-17-anos-de-prision-para-un-medico-por-abusar-de-sus-pacientes\/","title":{"rendered":"Reconquista: 17 a\u00f1os de prisi\u00f3n para un m\u00e9dico por abusar de sus pacientes"},"content":{"rendered":"<p><strong>El m\u00e9dico fleb\u00f3logo Pablo Gazze fue condenado este mediod\u00eda a la pena de 17 a\u00f1os de prisi\u00f3n por el tribunal pluripersonal personal integrado por los jueces Norma Senn, Gonzalo Eduardo Basualdo y Mart\u00edn Gauna Chapero, erteneciente al Colegio de Jueces Penales del Distrito Judicial 4.<\/strong><\/p>\n<p>Por decisi\u00f3n un\u00e1nime, los magistrados le impusieron la condena de 17 a\u00f1os de prisi\u00f3n de cumplimiento efectivo, m\u00e1s la inhabilitaci\u00f3n especial perpetua para el ejercicio de su profesi\u00f3n de m\u00e9dico.<\/p>\n<p>En la sentencia, lo consideraron autor material de delitos de abuso sexual con acceso carnal y abuso sexual gravemente ultrajante en cinco hechos, conforme a las acusaciones p\u00fablica y privada.<\/p>\n<p>Por otro hecho, el tribunal readecu\u00f3 la calificaci\u00f3n legal considerando que no se prob\u00f3 un grave da\u00f1o en la salud f\u00edsica o mental de la v\u00edctima y aplic\u00f3 lo contemplado para casos en los hubiere acceso carnal o se realizare otros actos an\u00e1logos introduciendo objetos o partes del cuerpo en la humanidad de la v\u00edctima. Y sentenci\u00f3 que todos se produjeron en concurso real entre s\u00ed.<\/p>\n<p>Respecto del denominado &#8220;Caso 9&#8221;, absolvi\u00f3 al galeno y empresario de la salud en virtud del desistimiento acusatorio de la denunciante. En tanto, rechaz\u00f3 el pedido de declaraci\u00f3n de inconstitucionalidad del art\u00edculo 119 interpuesto por la defensa t\u00e9cnica del ahora condenado.<\/p>\n<p>Tras la lectura del fallo &#8211; que no estuvo exenta de un blooper cuando el secretario equivoc\u00f3 el monto de la pena y lo cambi\u00f3 por 19 a\u00f1os ante lo cual la presidenta del tribunal lo corrigi\u00f3 en el acto -, v\u00edctimas, familiares y amigos celebraron, emocionados.<\/p>\n<p><em><strong>Las palabras de los Fiscales:<\/strong><\/em><\/p>\n<div style=\"width: 640px;\" class=\"wp-video\"><video class=\"wp-video-shortcode\" id=\"video-40996-1\" width=\"640\" height=\"352\" preload=\"metadata\" controls=\"controls\"><source type=\"video\/mp4\" src=\"https:\/\/infovera.com.ar\/web\/wp-content\/uploads\/2022\/10\/VID-20221025-WA0026.mp4?_=1\" \/><a href=\"https:\/\/infovera.com.ar\/web\/wp-content\/uploads\/2022\/10\/VID-20221025-WA0026.mp4\">https:\/\/infovera.com.ar\/web\/wp-content\/uploads\/2022\/10\/VID-20221025-WA0026.mp4<\/a><\/video><\/div>\n<div style=\"width: 640px;\" class=\"wp-video\"><video class=\"wp-video-shortcode\" id=\"video-40996-2\" width=\"640\" height=\"352\" preload=\"metadata\" controls=\"controls\"><source type=\"video\/mp4\" src=\"https:\/\/infovera.com.ar\/web\/wp-content\/uploads\/2022\/10\/VID-20221025-WA0025.mp4?_=2\" \/><a href=\"https:\/\/infovera.com.ar\/web\/wp-content\/uploads\/2022\/10\/VID-20221025-WA0025.mp4\">https:\/\/infovera.com.ar\/web\/wp-content\/uploads\/2022\/10\/VID-20221025-WA0025.mp4<\/a><\/video><\/div>\n","protected":false},"excerpt":{"rendered":"<p>El m\u00e9dico fleb\u00f3logo Pablo Gazze fue condenado este mediod\u00eda a la pena de 17 a\u00f1os de prisi\u00f3n por el tribunal pluripersonal personal integrado por los jueces Norma Senn, Gonzalo Eduardo Basualdo y Mart\u00edn Gauna Chapero, erteneciente al Colegio de Jueces Penales del Distrito Judicial 4. Por decisi\u00f3n un\u00e1nime, los magistrados le impusieron la condena de [&hellip;]<\/p>\n","protected":false},"author":3,"featured_media":40997,"comment_status":"closed","ping_status":"closed","sticky":false,"template":"","format":"standard","meta":{"_joinchat":[],"footnotes":""},"categories":[30,55],"tags":[],"class_list":{"0":"post-40996","1":"post","2":"type-post","3":"status-publish","4":"format-standard","5":"has-post-thumbnail","7":"category-policiales","8":"category-reconquista"},"_links":{"self":[{"href":"https:\/\/infovera.com.ar\/web\/wp-json\/wp\/v2\/posts\/40996","targetHints":{"allow":["GET"]}}],"collection":[{"href":"https:\/\/infovera.com.ar\/web\/wp-json\/wp\/v2\/posts"}],"about":[{"href":"https:\/\/infovera.com.ar\/web\/wp-json\/wp\/v2\/types\/post"}],"author":[{"embeddable":true,"href":"https:\/\/infovera.com.ar\/web\/wp-json\/wp\/v2\/users\/3"}],"replies":[{"embeddable":true,"href":"https:\/\/infovera.com.ar\/web\/wp-json\/wp\/v2\/comments?post=40996"}],"version-history":[{"count":0,"href":"https:\/\/infovera.com.ar\/web\/wp-json\/wp\/v2\/posts\/40996\/revisions"}],"wp:featuredmedia":[{"embeddable":true,"href":"https:\/\/infovera.com.ar\/web\/wp-json\/wp\/v2\/media\/40997"}],"wp:attachment":[{"href":"https:\/\/infovera.com.ar\/web\/wp-json\/wp\/v2\/media?parent=40996"}],"wp:term":[{"taxonomy":"category","embeddable":true,"href":"https:\/\/infovera.com.ar\/web\/wp-json\/wp\/v2\/categories?post=40996"},{"taxonomy":"post_tag","embeddable":true,"href":"https:\/\/infovera.com.ar\/web\/wp-json\/wp\/v2\/tags?post=40996"}],"curies":[{"name":"wp","href":"https:\/\/api.w.org\/{rel}","templated":true}]}}