{"id":40989,"date":"2022-10-25T10:41:14","date_gmt":"2022-10-25T13:41:14","guid":{"rendered":"https:\/\/infovera.com.ar\/web\/?p=40989"},"modified":"2022-10-25T10:41:21","modified_gmt":"2022-10-25T13:41:21","slug":"mitre-dono-cabello-en-la-campana-cabellos-por-sonrisas","status":"publish","type":"post","link":"https:\/\/infovera.com.ar\/web\/2022\/10\/25\/mitre-dono-cabello-en-la-campana-cabellos-por-sonrisas\/","title":{"rendered":"Mitre don\u00f3 cabello en la campa\u00f1a &#8220;Cabellos por sonrisas&#8221;"},"content":{"rendered":"<p>La Intendente de Vera, Paula Mitre, estuvo presente en la campa\u00f1a &#8220;Cabellos por sonrisas&#8221; que se realizo en el complejo &#8220;La Estaci\u00f3n&#8221; y don\u00f3 cabello para la causa.<\/p>\n<p>Esta campa\u00f1a se realiza con el objetivo de donar cabello para la confecci\u00f3n de pelucas para ni\u00f1os enfermos de c\u00e1ncer.<\/p>\n<p>Los vecinos de Vera donaron tambi\u00e9n pa\u00f1ales, \u00fatiles escolares y juguetes que formar\u00e1n parte del env\u00edo a la Fundaci\u00f3n Onco-Hematol\u00f3gica Pedi\u00e1trica Argentina FAOHP, Organizaci\u00f3n No Gubernamental sin fines de lucro.<\/p>\n","protected":false},"excerpt":{"rendered":"<p>La Intendente de Vera, Paula Mitre, estuvo presente en la campa\u00f1a &#8220;Cabellos por sonrisas&#8221; que se realizo en el complejo &#8220;La Estaci\u00f3n&#8221; y don\u00f3 cabello para la causa. Esta campa\u00f1a se realiza con el objetivo de donar cabello para la confecci\u00f3n de pelucas para ni\u00f1os enfermos de c\u00e1ncer. Los vecinos de Vera donaron tambi\u00e9n pa\u00f1ales, [&hellip;]<\/p>\n","protected":false},"author":3,"featured_media":40990,"comment_status":"closed","ping_status":"closed","sticky":false,"template":"","format":"standard","meta":{"_joinchat":[],"footnotes":""},"categories":[51,53],"tags":[],"class_list":{"0":"post-40989","1":"post","2":"type-post","3":"status-publish","4":"format-standard","5":"has-post-thumbnail","7":"category-locales","8":"category-vera"},"_links":{"self":[{"href":"https:\/\/infovera.com.ar\/web\/wp-json\/wp\/v2\/posts\/40989","targetHints":{"allow":["GET"]}}],"collection":[{"href":"https:\/\/infovera.com.ar\/web\/wp-json\/wp\/v2\/posts"}],"about":[{"href":"https:\/\/infovera.com.ar\/web\/wp-json\/wp\/v2\/types\/post"}],"author":[{"embeddable":true,"href":"https:\/\/infovera.com.ar\/web\/wp-json\/wp\/v2\/users\/3"}],"replies":[{"embeddable":true,"href":"https:\/\/infovera.com.ar\/web\/wp-json\/wp\/v2\/comments?post=40989"}],"version-history":[{"count":0,"href":"https:\/\/infovera.com.ar\/web\/wp-json\/wp\/v2\/posts\/40989\/revisions"}],"wp:featuredmedia":[{"embeddable":true,"href":"https:\/\/infovera.com.ar\/web\/wp-json\/wp\/v2\/media\/40990"}],"wp:attachment":[{"href":"https:\/\/infovera.com.ar\/web\/wp-json\/wp\/v2\/media?parent=40989"}],"wp:term":[{"taxonomy":"category","embeddable":true,"href":"https:\/\/infovera.com.ar\/web\/wp-json\/wp\/v2\/categories?post=40989"},{"taxonomy":"post_tag","embeddable":true,"href":"https:\/\/infovera.com.ar\/web\/wp-json\/wp\/v2\/tags?post=40989"}],"curies":[{"name":"wp","href":"https:\/\/api.w.org\/{rel}","templated":true}]}}