{"id":40979,"date":"2022-10-24T12:45:55","date_gmt":"2022-10-24T15:45:55","guid":{"rendered":"https:\/\/infovera.com.ar\/web\/?p=40979"},"modified":"2022-11-06T15:48:25","modified_gmt":"2022-11-06T18:48:25","slug":"ninez-intimo-a-losada-a-presentarse-ante-fiscalia-por-la-denuncia-de-venta-de-chicos","status":"publish","type":"post","link":"https:\/\/infovera.com.ar\/web\/2022\/10\/24\/ninez-intimo-a-losada-a-presentarse-ante-fiscalia-por-la-denuncia-de-venta-de-chicos\/","title":{"rendered":"Ni\u00f1ez intim\u00f3 a Losada a presentarse ante fiscal\u00eda por la denuncia de venta de chicos"},"content":{"rendered":"<p><strong>El pedido provino de la Secretar\u00eda de Ni\u00f1ez, Adolescencia y Familia de la Provincia de Santa Fe. La legisladora hab\u00eda dicho, en el programa de Mirta Legrand, que por 60 mil pesos se venden ni\u00f1os en Rosario.<\/strong><\/p>\n<p>Ante las declaraciones en medios de comunicaci\u00f3n de la senadora nacional Carolina Losada, manifestando que en una esquina de la ciudad de Rosario se llevar\u00eda a cabo la venta de ni\u00f1os por $ 60.000, el gobierno de la Provincia de Santa Fe a trav\u00e9s de la Secretar\u00eda de Ni\u00f1ez, Adolescencia y Familia y la Secretar\u00eda de Derechos Humanos solicita que la legisladora se presente ante la fiscal\u00eda correspondiente con las debidas pruebas del caso.<\/p>\n<p>La Ley Prov. 12.967 de Protec. Integ. de Ni\u00f1os, Ni\u00f1as y Adolescentes establece la responsabilidad de los diferentes actores del Estado ante la vulneraci\u00f3n de sus derechos. &#8220;Est\u00e1 obligada a realizar la denuncia correspondiente si se anotici\u00f3 de un il\u00edcito contra un ni\u00f1o o ni\u00f1a Por su parte, la Secretar\u00eda de Derechos Humanos como organismo de protecci\u00f3n y promoci\u00f3n de los DD.HH vela por el cumplimiento de los Tratados Internacionales de Derechos Humanos en todo el territorio provincial&#8221;, se\u00f1al\u00f3 Patricia Chialvo, secretaria de Ni\u00f1ez, Adolescencia y Familia de la Provincia de Santa Fe.<\/p>\n<p>La funcionaria indic\u00f3 que &#8220;el \u00fanico caso del que se tuvo conocimiento fue en mayo de este a\u00f1o&#8221;. Agreg\u00f3 que &#8220;esa situaci\u00f3n que refer\u00eda a una estafa de un progenitor, qui\u00e9n a trav\u00e9s de una publicaci\u00f3n de Facebook, ofreci\u00f3 a la beb\u00e9 a la venta. Delito que no se concret\u00f3, porque el estafador ni siquiera conviv\u00eda con la ni\u00f1a y su mam\u00e1 no estaba al tanto de lo que hac\u00eda el pap\u00e1, quien no ten\u00eda a la ni\u00f1a a su cuidado&#8221;. Cabe aclararse que, la Secretar\u00eda de Ni\u00f1ez define el estado de adoptabilidad de NNyA y el RUAGA define, mediante un estricto procedimiento, a los pretensos adoptantes, a\u00f1adi\u00f3.<\/p>\n<blockquote class=\"twitter-tweet\">\n<p dir=\"ltr\" lang=\"es\">Es inaceptable que una tem\u00e1tica tan delicada,tan cara a los sentimientos de la sociedad y que afecta tanto a las personas en situaci\u00f3n de vulnerabilidad c\u00f3mo es la apropiaci\u00f3n de ni\u00f1os y ni\u00f1as, sea abordado de forma tan irresponsable<\/p>\n<p>\u2014 Patricia Chialvo (@PatriciaChialvo) <a href=\"https:\/\/twitter.com\/PatriciaChialvo\/status\/1584504381310783489?ref_src=twsrc%5Etfw\">October 24, 2022<\/a><\/p><\/blockquote>\n<p><script async src=\"https:\/\/platform.twitter.com\/widgets.js\" charset=\"utf-8\"><\/script><\/p>\n<p>En un comunicado por Twitter dijo que el marco legal de intervenci\u00f3n del gobierno provincial es la mencionada Ley 12.967. Y que el actual gobierno nacional env\u00edo al Congreso, un proyecto de ley (que fuera trabajado con las Abuelas de Plaza de Mayo) y establece tres tipos de delitos sobre la venta de ni\u00f1os y ni\u00f1as. Debate que no ha prosperado, porque los representantes de Juntos por el Cambio avanzan con otro proyecto que no contempla las recomendaciones de los organismos internacionales.<\/p>\n<p>&#8220;Es inaceptable que una tem\u00e1tica tan delicada, tan cara a los sentimientos de la sociedad y que afecta tanto a las personas en situaci\u00f3n de vulnerabilidad, como es la apropiaci\u00f3n de ni\u00f1os y ni\u00f1as, sea abordado de forma tan irresponsable&#8221;, complet\u00f3..<\/p>\n","protected":false},"excerpt":{"rendered":"<p>El pedido provino de la Secretar\u00eda de Ni\u00f1ez, Adolescencia y Familia de la Provincia de Santa Fe. La legisladora hab\u00eda dicho, en el programa de Mirta Legrand, que por 60 mil pesos se venden ni\u00f1os en Rosario. Ante las declaraciones en medios de comunicaci\u00f3n de la senadora nacional Carolina Losada, manifestando que en una esquina [&hellip;]<\/p>\n","protected":false},"author":3,"featured_media":40622,"comment_status":"closed","ping_status":"closed","sticky":false,"template":"","format":"standard","meta":{"_joinchat":[],"footnotes":""},"categories":[66],"tags":[],"class_list":{"0":"post-40979","1":"post","2":"type-post","3":"status-publish","4":"format-standard","5":"has-post-thumbnail","7":"category-politica"},"_links":{"self":[{"href":"https:\/\/infovera.com.ar\/web\/wp-json\/wp\/v2\/posts\/40979","targetHints":{"allow":["GET"]}}],"collection":[{"href":"https:\/\/infovera.com.ar\/web\/wp-json\/wp\/v2\/posts"}],"about":[{"href":"https:\/\/infovera.com.ar\/web\/wp-json\/wp\/v2\/types\/post"}],"author":[{"embeddable":true,"href":"https:\/\/infovera.com.ar\/web\/wp-json\/wp\/v2\/users\/3"}],"replies":[{"embeddable":true,"href":"https:\/\/infovera.com.ar\/web\/wp-json\/wp\/v2\/comments?post=40979"}],"version-history":[{"count":0,"href":"https:\/\/infovera.com.ar\/web\/wp-json\/wp\/v2\/posts\/40979\/revisions"}],"wp:featuredmedia":[{"embeddable":true,"href":"https:\/\/infovera.com.ar\/web\/wp-json\/wp\/v2\/media\/40622"}],"wp:attachment":[{"href":"https:\/\/infovera.com.ar\/web\/wp-json\/wp\/v2\/media?parent=40979"}],"wp:term":[{"taxonomy":"category","embeddable":true,"href":"https:\/\/infovera.com.ar\/web\/wp-json\/wp\/v2\/categories?post=40979"},{"taxonomy":"post_tag","embeddable":true,"href":"https:\/\/infovera.com.ar\/web\/wp-json\/wp\/v2\/tags?post=40979"}],"curies":[{"name":"wp","href":"https:\/\/api.w.org\/{rel}","templated":true}]}}