{"id":40977,"date":"2022-10-24T13:10:20","date_gmt":"2022-10-24T16:10:20","guid":{"rendered":"https:\/\/infovera.com.ar\/web\/?p=40977"},"modified":"2022-10-27T13:48:17","modified_gmt":"2022-10-27T16:48:17","slug":"autopsia-dos-punaladas-dieron-en-el-corazon-de-piti-soto-que-estaba-solo-e-indefenso","status":"publish","type":"post","link":"https:\/\/infovera.com.ar\/web\/2022\/10\/24\/autopsia-dos-punaladas-dieron-en-el-corazon-de-piti-soto-que-estaba-solo-e-indefenso\/","title":{"rendered":"Autopsia: dos pu\u00f1aladas dieron en el coraz\u00f3n de &#8220;Piti&#8221; Soto, que estaba &#8220;solo e indefenso&#8221;"},"content":{"rendered":"<p><strong>El lunes se practic\u00f3 la autopsia al cad\u00e1ver de Gabriel Soto.<\/strong><\/p>\n<p>El joven de 26 a\u00f1os fue ultimado a cuchilladas en la ma\u00f1ana del domingo en Vera.<\/p>\n<p>Seg\u00fan el resultado de la autopsia a la que accedi\u00f3 InfoVera, presentaba 4 pu\u00f1aladas, 2 en el coraz\u00f3n que fueron mortales.<\/p>\n<p>El fiscal Aldo Gerosa dijo a este medio que la imputativa para los dos detenidos de apellidos Duarte y Saavedra ser\u00e1 el mi\u00e9rcoles a las 8, y que &#8220;Soto estaba solo e indefenso, los otros lo atacaron a cuchillazos&#8221;.<\/p>\n<p>&nbsp;<\/p>\n","protected":false},"excerpt":{"rendered":"<p>El lunes se practic\u00f3 la autopsia al cad\u00e1ver de Gabriel Soto. El joven de 26 a\u00f1os fue ultimado a cuchilladas en la ma\u00f1ana del domingo en Vera. Seg\u00fan el resultado de la autopsia a la que accedi\u00f3 InfoVera, presentaba 4 pu\u00f1aladas, 2 en el coraz\u00f3n que fueron mortales. El fiscal Aldo Gerosa dijo a este [&hellip;]<\/p>\n","protected":false},"author":3,"featured_media":0,"comment_status":"closed","ping_status":"closed","sticky":false,"template":"","format":"standard","meta":{"_joinchat":[],"footnotes":""},"categories":[30,53],"tags":[],"class_list":{"0":"post-40977","1":"post","2":"type-post","3":"status-publish","4":"format-standard","6":"category-policiales","7":"category-vera"},"_links":{"self":[{"href":"https:\/\/infovera.com.ar\/web\/wp-json\/wp\/v2\/posts\/40977","targetHints":{"allow":["GET"]}}],"collection":[{"href":"https:\/\/infovera.com.ar\/web\/wp-json\/wp\/v2\/posts"}],"about":[{"href":"https:\/\/infovera.com.ar\/web\/wp-json\/wp\/v2\/types\/post"}],"author":[{"embeddable":true,"href":"https:\/\/infovera.com.ar\/web\/wp-json\/wp\/v2\/users\/3"}],"replies":[{"embeddable":true,"href":"https:\/\/infovera.com.ar\/web\/wp-json\/wp\/v2\/comments?post=40977"}],"version-history":[{"count":0,"href":"https:\/\/infovera.com.ar\/web\/wp-json\/wp\/v2\/posts\/40977\/revisions"}],"wp:attachment":[{"href":"https:\/\/infovera.com.ar\/web\/wp-json\/wp\/v2\/media?parent=40977"}],"wp:term":[{"taxonomy":"category","embeddable":true,"href":"https:\/\/infovera.com.ar\/web\/wp-json\/wp\/v2\/categories?post=40977"},{"taxonomy":"post_tag","embeddable":true,"href":"https:\/\/infovera.com.ar\/web\/wp-json\/wp\/v2\/tags?post=40977"}],"curies":[{"name":"wp","href":"https:\/\/api.w.org\/{rel}","templated":true}]}}