{"id":40974,"date":"2022-10-24T07:34:34","date_gmt":"2022-10-24T10:34:34","guid":{"rendered":"https:\/\/infovera.com.ar\/web\/?p=40974"},"modified":"2022-10-24T19:16:02","modified_gmt":"2022-10-24T22:16:02","slug":"el-martes-imputarian-a-los-detenidos-por-el-crimen-de-piti-soto","status":"publish","type":"post","link":"https:\/\/infovera.com.ar\/web\/2022\/10\/24\/el-martes-imputarian-a-los-detenidos-por-el-crimen-de-piti-soto\/","title":{"rendered":"El mi\u00e9rcoles imputar\u00e1n a los detenidos por el crimen de &#8220;Piti&#8221; Soto"},"content":{"rendered":"<p><strong>La defensa de los dos acusados fue tomada por el Estudio Sixto Gonz\u00e1lez.<\/strong><\/p>\n<p>Saavedra y Duarte, ambos detenidos ayer acusados de haber intervenido en el cruento crimen de Gabriel &#8220;Piti&#8221; Soto, de 26 a\u00f1os, ser\u00e1n imputados el mi\u00e9rcoles por el fiscal Aldo Gerosa.<\/p>\n<p>Los dos permanecen tras las rejas de la alcaid\u00eda local. La defensa t\u00e9cnica fue asumida por el Estudio Jur\u00eddico Sixto Gonz\u00e1lez, desde donde refirieron a InfoVera que &#8220;solo uno de ellos podr\u00eda estar implicado&#8221;.<\/p>\n<p>Soto fue ultimado en el amanecer del domingo de tres pu\u00f1aladas a la salida de un boliche bailable. Sobre calle Jujuy qued\u00f3 su cuerpo sin vida, cubierto de sangre.<\/p>\n<p>De acuerdo a fuentes policiales consultadas, el cruce entre v\u00edctima y pretensos victimarios habr\u00eda comenzado adentro del local de diversi\u00f3n y termin\u00f3 de la peor manera en plena calle.<\/p>\n<p>Tras una discusi\u00f3n, los supuestos agresores fueron hasta sus viviendas a buscar armas blancas y volvieron para ejecutar a su oponente.<\/p>\n<p>&#8220;Se buscan otras personas; no est\u00e1 claro, por ahora, cu\u00e1ntos atacaron a la v\u00edctima ni tampoco se sabe si este se defendi\u00f3, ni la causa del conflicto\u201d, dijo el fiscal Aldo Gerosa a <strong>InfoVera <\/strong>en la ma\u00f1ana del domingo.<\/p>\n<p>Las im\u00e1genes del momento en que Soto yac\u00eda sin vida sobre el ripio de calle Jujuy son estremecedoras. Mientras algunos reclamaban que &#8220;nadie hace nada&#8221;, otros preguntaban &#8220;qui\u00e9n muri\u00f3 ac\u00e1&#8221;, al tiempo el resto buscaba su moto para irse del lugar sorteando los restos de la v\u00edctima. Puede apreciarse que la mayor\u00eda no tomaba cabal dimensi\u00f3n de lo que estaba occurriendo.<\/p>\n","protected":false},"excerpt":{"rendered":"<p>La defensa de los dos acusados fue tomada por el Estudio Sixto Gonz\u00e1lez. Saavedra y Duarte, ambos detenidos ayer acusados de haber intervenido en el cruento crimen de Gabriel &#8220;Piti&#8221; Soto, de 26 a\u00f1os, ser\u00e1n imputados el mi\u00e9rcoles por el fiscal Aldo Gerosa. Los dos permanecen tras las rejas de la alcaid\u00eda local. La defensa [&hellip;]<\/p>\n","protected":false},"author":3,"featured_media":40975,"comment_status":"closed","ping_status":"closed","sticky":false,"template":"","format":"standard","meta":{"_joinchat":[],"footnotes":""},"categories":[56],"tags":[],"class_list":{"0":"post-40974","1":"post","2":"type-post","3":"status-publish","4":"format-standard","5":"has-post-thumbnail","7":"category-destacados"},"_links":{"self":[{"href":"https:\/\/infovera.com.ar\/web\/wp-json\/wp\/v2\/posts\/40974","targetHints":{"allow":["GET"]}}],"collection":[{"href":"https:\/\/infovera.com.ar\/web\/wp-json\/wp\/v2\/posts"}],"about":[{"href":"https:\/\/infovera.com.ar\/web\/wp-json\/wp\/v2\/types\/post"}],"author":[{"embeddable":true,"href":"https:\/\/infovera.com.ar\/web\/wp-json\/wp\/v2\/users\/3"}],"replies":[{"embeddable":true,"href":"https:\/\/infovera.com.ar\/web\/wp-json\/wp\/v2\/comments?post=40974"}],"version-history":[{"count":0,"href":"https:\/\/infovera.com.ar\/web\/wp-json\/wp\/v2\/posts\/40974\/revisions"}],"wp:featuredmedia":[{"embeddable":true,"href":"https:\/\/infovera.com.ar\/web\/wp-json\/wp\/v2\/media\/40975"}],"wp:attachment":[{"href":"https:\/\/infovera.com.ar\/web\/wp-json\/wp\/v2\/media?parent=40974"}],"wp:term":[{"taxonomy":"category","embeddable":true,"href":"https:\/\/infovera.com.ar\/web\/wp-json\/wp\/v2\/categories?post=40974"},{"taxonomy":"post_tag","embeddable":true,"href":"https:\/\/infovera.com.ar\/web\/wp-json\/wp\/v2\/tags?post=40974"}],"curies":[{"name":"wp","href":"https:\/\/api.w.org\/{rel}","templated":true}]}}