{"id":40970,"date":"2022-10-23T21:40:23","date_gmt":"2022-10-24T00:40:23","guid":{"rendered":"https:\/\/infovera.com.ar\/web\/?p=40970"},"modified":"2022-10-23T21:41:40","modified_gmt":"2022-10-24T00:41:40","slug":"el-aura-de-leonel-alcaraz","status":"publish","type":"post","link":"https:\/\/infovera.com.ar\/web\/2022\/10\/23\/el-aura-de-leonel-alcaraz\/","title":{"rendered":"El Aura de Leonel Alcar\u00e1z"},"content":{"rendered":"<p>Tal como nos tiene acostumbrado a las sorpresas, esta no fue la excepci\u00f3n y al ingresar a La Estaci\u00f3n los ojos se llenaron de arte con una selecci\u00f3n que llev\u00f3 4 a\u00f1os de trabajo pero, sin dudas, vali\u00f3 la pena.<\/p>\n<p>El artista pl\u00e1stico verense, Leonel Alcar\u00e1z, volvi\u00f3 a sorprender con su \u201cAura latente\u201d, una muestra que refleja lo que siente una artista y lo manifiesta en una pintura que, en este caso, tiene un estilo inconfundible que lo identifica en el detalle de las manos, en la mirada de una imagen que cobra vida ante el observador que, sin ser erudito en la materia, percibe perfectamente de qu\u00e9 se trata.<\/p>\n<p>\u201cSus cuadros causan un impacto que emociona y estamos muy orgullosos de la calidad art\u00edstica de Leonel\u201d, dijo la intendente Paula Mitre en la apertura del evento.<\/p>\n<p>La presidente del Concejo Municipal, Nancy Senn, entreg\u00f3 la norma que declar\u00f3 a la muestra de Inter\u00e9s Cultural y Social.<\/p>\n<p>Por su parte, Alcar\u00e1z m\u00e1s que explicar su obra prefiri\u00f3 centrar sus palabras en agradecimientos, tanto a su familia como a sus colegas, alumnos y a la Municipalidad de Vera que le permiti\u00f3 afrontar este nuevo desaf\u00edo.<\/p>\n<p>\u201cMe siento inmensamente feliz y muy emocionado de ver a tanta gente que ha venido a compartir este momento\u201d, destac\u00f3.<\/p>\n<p>Todo cuanto se podr\u00eda agregar ser\u00eda redundar en detalles innecesarios, sus cuadros hablan por \u00e9l y estamos muy felices de que sea as\u00ed.<\/p>\n<p>La convocatoria super\u00f3 las expectativas y los visitantes no solo pudieron apreciar las virtudes del artista sino que adem\u00e1s disfrutaron de las canciones de Cecilia Berli, acompa\u00f1ada por Pablo S\u00e1nchez en guitarra y de un \u00e1gape con una degustaci\u00f3n de vinos de Imperfecto que se sumaron al evento.<\/p>\n<p>La exposici\u00f3n estar\u00e1 abierta hasta el 4 de noviembre, los s\u00e1bados y domingos de 15 hasta las 21 y de lunes a viernes de 8 a 12 y de 16 a 21.<\/p>\n<p>&nbsp;<\/p>\n<p><em><strong>Letyana Press<\/strong><\/em><\/p>\n","protected":false},"excerpt":{"rendered":"<p>Tal como nos tiene acostumbrado a las sorpresas, esta no fue la excepci\u00f3n y al ingresar a La Estaci\u00f3n los ojos se llenaron de arte con una selecci\u00f3n que llev\u00f3 4 a\u00f1os de trabajo pero, sin dudas, vali\u00f3 la pena. El artista pl\u00e1stico verense, Leonel Alcar\u00e1z, volvi\u00f3 a sorprender con su \u201cAura latente\u201d, una muestra [&hellip;]<\/p>\n","protected":false},"author":3,"featured_media":40971,"comment_status":"closed","ping_status":"closed","sticky":false,"template":"","format":"standard","meta":{"_joinchat":[],"footnotes":""},"categories":[51,53],"tags":[],"class_list":{"0":"post-40970","1":"post","2":"type-post","3":"status-publish","4":"format-standard","5":"has-post-thumbnail","7":"category-locales","8":"category-vera"},"_links":{"self":[{"href":"https:\/\/infovera.com.ar\/web\/wp-json\/wp\/v2\/posts\/40970","targetHints":{"allow":["GET"]}}],"collection":[{"href":"https:\/\/infovera.com.ar\/web\/wp-json\/wp\/v2\/posts"}],"about":[{"href":"https:\/\/infovera.com.ar\/web\/wp-json\/wp\/v2\/types\/post"}],"author":[{"embeddable":true,"href":"https:\/\/infovera.com.ar\/web\/wp-json\/wp\/v2\/users\/3"}],"replies":[{"embeddable":true,"href":"https:\/\/infovera.com.ar\/web\/wp-json\/wp\/v2\/comments?post=40970"}],"version-history":[{"count":0,"href":"https:\/\/infovera.com.ar\/web\/wp-json\/wp\/v2\/posts\/40970\/revisions"}],"wp:featuredmedia":[{"embeddable":true,"href":"https:\/\/infovera.com.ar\/web\/wp-json\/wp\/v2\/media\/40971"}],"wp:attachment":[{"href":"https:\/\/infovera.com.ar\/web\/wp-json\/wp\/v2\/media?parent=40970"}],"wp:term":[{"taxonomy":"category","embeddable":true,"href":"https:\/\/infovera.com.ar\/web\/wp-json\/wp\/v2\/categories?post=40970"},{"taxonomy":"post_tag","embeddable":true,"href":"https:\/\/infovera.com.ar\/web\/wp-json\/wp\/v2\/tags?post=40970"}],"curies":[{"name":"wp","href":"https:\/\/api.w.org\/{rel}","templated":true}]}}