{"id":40948,"date":"2022-10-23T09:31:46","date_gmt":"2022-10-23T12:31:46","guid":{"rendered":"https:\/\/infovera.com.ar\/web\/?p=40948"},"modified":"2022-10-24T13:11:21","modified_gmt":"2022-10-24T16:11:21","slug":"amanecer-sangriento-un-joven-fue-ultimado-a-punaladas-en-vera-imagenes-sesnsibles","status":"publish","type":"post","link":"https:\/\/infovera.com.ar\/web\/2022\/10\/23\/amanecer-sangriento-un-joven-fue-ultimado-a-punaladas-en-vera-imagenes-sesnsibles\/","title":{"rendered":"Amanecer sangriento: un joven fue ultimado a pu\u00f1aladas en Vera"},"content":{"rendered":"<p><strong>Un hecho de sangre conmovi\u00f3 la ma\u00f1ana verense.<\/strong><\/p>\n<p>Gabriel &#8220;Piti&#8221; Soto fue ultimado a pu\u00f1aladas en el amanecer de este domingo por al menos dos sujetos que lo atacaron a punta de cuchillo.<\/p>\n<p>El cuerpo sin vida de joven de 25 a\u00f1os qued\u00f3 tendido sobre el ripio de calle Jujuy, en la zona sureste de Vera, cubierto de sangre tras recibir tres pu\u00f1aladas arteras.<\/p>\n<p>&#8220;Habr\u00eda 2 aprehendidos, se buscan otras personas; no est\u00e1 claro, por ahora, cu\u00e1ntos atacaron a la v\u00edctima ni tampoco se sabe si este se defendi\u00f3, ni la causa del conflicto&#8221;, dijo el fiscal Aldo Gerosa a <strong>InfoVera<\/strong>.<\/p>\n<p>En en lugar trabajaron numerarios del Comando Radioel\u00e9ctrico. La polic\u00eda verense qued\u00f3 a cargo de la investigaci\u00f3n; personal de la AIC presta colaboraci\u00f3n con las pericias cient\u00edficas..<\/p>\n<p><strong>El parte policial<\/strong><\/p>\n<p>En fecha 23\/10\/2022 siendo las 06:40, personal policial de la UR XIX se constituye en calle Jujuy al sur de este medio, por causas que se tratan de establecer, un joven de 26 a\u00f1os de edad, domiciliado en esta ciudad, se encontraba sin signos vitales y con herida presumiblemente de arma blanca.<\/p>\n<p>Personal actuante procedi\u00f3 a la aprehensi\u00f3n y traslado a secci\u00f3n alcaid\u00eda de un joven de 25 a\u00f1os de edad domiciliado en esta ciudad de Vera, al secuestro de elementos que interesan a la causa.<\/p>\n<p>Interviene fiscal en turno quien orden\u00f3 la autopsia del occiso como as\u00ed diligencias a seguir.<\/p>\n<p>&nbsp;<\/p>\n","protected":false},"excerpt":{"rendered":"<p>Un hecho de sangre conmovi\u00f3 la ma\u00f1ana verense. Gabriel &#8220;Piti&#8221; Soto fue ultimado a pu\u00f1aladas en el amanecer de este domingo por al menos dos sujetos que lo atacaron a punta de cuchillo. El cuerpo sin vida de joven de 25 a\u00f1os qued\u00f3 tendido sobre el ripio de calle Jujuy, en la zona sureste de [&hellip;]<\/p>\n","protected":false},"author":3,"featured_media":32342,"comment_status":"closed","ping_status":"closed","sticky":false,"template":"","format":"standard","meta":{"_joinchat":[],"footnotes":""},"categories":[30,53],"tags":[],"class_list":{"0":"post-40948","1":"post","2":"type-post","3":"status-publish","4":"format-standard","5":"has-post-thumbnail","7":"category-policiales","8":"category-vera"},"_links":{"self":[{"href":"https:\/\/infovera.com.ar\/web\/wp-json\/wp\/v2\/posts\/40948","targetHints":{"allow":["GET"]}}],"collection":[{"href":"https:\/\/infovera.com.ar\/web\/wp-json\/wp\/v2\/posts"}],"about":[{"href":"https:\/\/infovera.com.ar\/web\/wp-json\/wp\/v2\/types\/post"}],"author":[{"embeddable":true,"href":"https:\/\/infovera.com.ar\/web\/wp-json\/wp\/v2\/users\/3"}],"replies":[{"embeddable":true,"href":"https:\/\/infovera.com.ar\/web\/wp-json\/wp\/v2\/comments?post=40948"}],"version-history":[{"count":0,"href":"https:\/\/infovera.com.ar\/web\/wp-json\/wp\/v2\/posts\/40948\/revisions"}],"wp:featuredmedia":[{"embeddable":true,"href":"https:\/\/infovera.com.ar\/web\/wp-json\/wp\/v2\/media\/32342"}],"wp:attachment":[{"href":"https:\/\/infovera.com.ar\/web\/wp-json\/wp\/v2\/media?parent=40948"}],"wp:term":[{"taxonomy":"category","embeddable":true,"href":"https:\/\/infovera.com.ar\/web\/wp-json\/wp\/v2\/categories?post=40948"},{"taxonomy":"post_tag","embeddable":true,"href":"https:\/\/infovera.com.ar\/web\/wp-json\/wp\/v2\/tags?post=40948"}],"curies":[{"name":"wp","href":"https:\/\/api.w.org\/{rel}","templated":true}]}}