{"id":40938,"date":"2022-10-21T08:44:59","date_gmt":"2022-10-21T11:44:59","guid":{"rendered":"https:\/\/infovera.com.ar\/web\/?p=40938"},"modified":"2022-10-23T10:32:39","modified_gmt":"2022-10-23T13:32:39","slug":"refuerzo-alimentario-para-adultos-sin-ingresos-el-lunes-inicia-la-inscripcion","status":"publish","type":"post","link":"https:\/\/infovera.com.ar\/web\/2022\/10\/21\/refuerzo-alimentario-para-adultos-sin-ingresos-el-lunes-inicia-la-inscripcion\/","title":{"rendered":"Refuerzo alimentario para adultos sin ingresos: el lunes inicia la inscripci\u00f3n"},"content":{"rendered":"<p><strong>Se pagar\u00e1 en dos cuotas de 22.500 pesos. Requisitos.<\/strong><\/p>\n<p>La directora ejecutiva de ANSES,\u00a0Fernanda Raverta, junto al ministro de Econom\u00eda de la Naci\u00f3n,\u00a0Sergio Massa, se reunieron para coordinar la implementaci\u00f3n del Refuerzo Alimentario para adultos sin ingresos de\u00a045.000 pesos, que se pagar\u00e1 en dos cuotas de 22.500 pesos en noviembre y diciembre.<\/p>\n<p>La inscripci\u00f3n es personal y podr\u00e1 realizarse sin turno a partir del pr\u00f3ximo lunes 24 de octubre\u00a0en todas las oficinas del organismo previsional.\u00a0El pago de la primera cuota ser\u00e1 el lunes 14 de noviembre por terminaci\u00f3n de documento.<\/p>\n<p>Requisitos para acceder al Refuerzo<\/p>\n<p>\u25cf\u00a0\u00a0\u00a0\u00a0\u00a0\u00a0Tener entre 18 y 64 a\u00f1os.<\/p>\n<p>\u25cf\u00a0\u00a0\u00a0\u00a0\u00a0\u00a0No poseer trabajo registrado ni ingresos de ning\u00fan tipo<\/p>\n<p>\u25cf\u00a0\u00a0\u00a0\u00a0\u00a0\u00a0No ser titular de ninguna prestaci\u00f3n (jubilaci\u00f3n, pensi\u00f3n, Asignaci\u00f3n Universal por Hijo, Asignaci\u00f3n por Embarazo, Asignaciones Familiares, Progresar, Desempleo, Potenciar Trabajo, entre otra).<\/p>\n<p>\u25cf\u00a0\u00a0\u00a0\u00a0\u00a0\u00a0No contar con Obra Social o Prepaga.<\/p>\n<p>Adem\u00e1s, se cruzar\u00e1 informaci\u00f3n con otros organismos para evaluar la situaci\u00f3n socioecon\u00f3mica.<\/p>\n<p>Quienes tengan la posibilidad de solicitar el Refuerzo Alimentario para adultos sin ingresos podr\u00e1n hacerlo tambi\u00e9n de manera online en\u00a0www.anses.gob.ar.<\/p>\n","protected":false},"excerpt":{"rendered":"<p>Se pagar\u00e1 en dos cuotas de 22.500 pesos. Requisitos. La directora ejecutiva de ANSES,\u00a0Fernanda Raverta, junto al ministro de Econom\u00eda de la Naci\u00f3n,\u00a0Sergio Massa, se reunieron para coordinar la implementaci\u00f3n del Refuerzo Alimentario para adultos sin ingresos de\u00a045.000 pesos, que se pagar\u00e1 en dos cuotas de 22.500 pesos en noviembre y diciembre. La inscripci\u00f3n es [&hellip;]<\/p>\n","protected":false},"author":3,"featured_media":40939,"comment_status":"closed","ping_status":"closed","sticky":false,"template":"","format":"standard","meta":{"_joinchat":[],"footnotes":""},"categories":[62],"tags":[],"class_list":{"0":"post-40938","1":"post","2":"type-post","3":"status-publish","4":"format-standard","5":"has-post-thumbnail","7":"category-nacionales"},"_links":{"self":[{"href":"https:\/\/infovera.com.ar\/web\/wp-json\/wp\/v2\/posts\/40938","targetHints":{"allow":["GET"]}}],"collection":[{"href":"https:\/\/infovera.com.ar\/web\/wp-json\/wp\/v2\/posts"}],"about":[{"href":"https:\/\/infovera.com.ar\/web\/wp-json\/wp\/v2\/types\/post"}],"author":[{"embeddable":true,"href":"https:\/\/infovera.com.ar\/web\/wp-json\/wp\/v2\/users\/3"}],"replies":[{"embeddable":true,"href":"https:\/\/infovera.com.ar\/web\/wp-json\/wp\/v2\/comments?post=40938"}],"version-history":[{"count":0,"href":"https:\/\/infovera.com.ar\/web\/wp-json\/wp\/v2\/posts\/40938\/revisions"}],"wp:featuredmedia":[{"embeddable":true,"href":"https:\/\/infovera.com.ar\/web\/wp-json\/wp\/v2\/media\/40939"}],"wp:attachment":[{"href":"https:\/\/infovera.com.ar\/web\/wp-json\/wp\/v2\/media?parent=40938"}],"wp:term":[{"taxonomy":"category","embeddable":true,"href":"https:\/\/infovera.com.ar\/web\/wp-json\/wp\/v2\/categories?post=40938"},{"taxonomy":"post_tag","embeddable":true,"href":"https:\/\/infovera.com.ar\/web\/wp-json\/wp\/v2\/tags?post=40938"}],"curies":[{"name":"wp","href":"https:\/\/api.w.org\/{rel}","templated":true}]}}