{"id":40841,"date":"2022-10-17T22:02:25","date_gmt":"2022-10-18T01:02:25","guid":{"rendered":"https:\/\/infovera.com.ar\/web\/?p=40841"},"modified":"2022-10-19T18:22:25","modified_gmt":"2022-10-19T21:22:25","slug":"perotti-sobre-el-pago-de-la-deuda-historica-es-el-reconocimiento-a-la-institucionalidad-de-la-provincia","status":"publish","type":"post","link":"https:\/\/infovera.com.ar\/web\/2022\/10\/17\/perotti-sobre-el-pago-de-la-deuda-historica-es-el-reconocimiento-a-la-institucionalidad-de-la-provincia\/","title":{"rendered":"Perotti sobre el pago de la Deuda Hist\u00f3rica: \u201cEs el reconocimiento a la institucionalidad de la provincia\u201d"},"content":{"rendered":"<p><strong>El gobernador de la provincia, Omar Perotti, firm\u00f3 este lunes con el ministro de Econom\u00eda de la Naci\u00f3n, Sergio Massa, el acta de entrega de los t\u00edtulos p\u00fablicos que conforman el pago de la Deuda Hist\u00f3rica que la Naci\u00f3n mantiene con Santa Fe, por un total de 151.873 millones de pesos.<\/strong><\/p>\n<p>Luego del encuentro, Perotti sostuvo que esto \u201cgenera las acciones para la transferencia de los t\u00edtulos a la provincia de Santa Fe. Fueron much\u00edsimos a\u00f1os en los que la provincia vino reclamando. Con el paso de los distintos signos pol\u00edticos, cada uno de los gobernadores mantuvo el reclamo de la provincia de Santa Fe\u201d.<\/p>\n<p>\u201cEs el reconocimiento a un fallo de la Corte a la institucionalidad de la provincia, el respeto a un reclamo y una forma de instrumentar a trav\u00e9s del di\u00e1logo, que lo podr\u00edan haber hecho mucho antes otros presidentes y otros ministros. Ahora se puede ejecutar, se lleva adelante y esta semana convocaremos a todos los municipios y comunas, hay una parte que corresponde a ellos, son recursos coparticipables, el 13,43% va a ser coparticipado a cada municipio y comuna\u201d, detall\u00f3 el gobernador.<\/p>\n<p>\u201cEstos recursos se van a destinar a obra p\u00fablica y equipamiento. Es el objeto con lo cual la legislaci\u00f3n ya prev\u00e9 el uso de estos recursos en beneficio de todos los santafesinos\u201d, concluy\u00f3 Perotti.<\/p>\n<p>Por su parte, Sergio Massa afirm\u00f3 que \u201cestamos poniendo punto final a una pelea hist\u00f3rica: la provincia de Santa Fe, producto de un descuento que le hace la Naci\u00f3n en el cambio de reg\u00edmenes jubilatorios, lleg\u00f3 hasta la Corte y consigui\u00f3 sentencia. A partir de hoy ponemos en ejecuci\u00f3n esa sentencia, le reconocemos a la provincia m\u00e1s de 151 mil millones de pesos que a partir de ahora pasan a estar disponibles directamente desde el Ministerio de Econom\u00eda de la Naci\u00f3n al Ministerio de Econom\u00eda de la provincia\u201d.<\/p>\n<p>\u201cLo resolvimos despu\u00e9s de 15 a\u00f1os con di\u00e1logo, con trabajo coordinado y en equipo. Estamos muy satisfechos porque representa el reconocimiento del Estado Nacional a un derecho que es de todos los santafesinos y que le hab\u00eda sido negado por muchos a\u00f1os\u201d, finaliz\u00f3 el ministro de Econom\u00eda de la Naci\u00f3n.<\/p>\n<p>&nbsp;<\/p>\n<p>Durante el encuentro, llevado a cabo este lunes en Ciudad Aut\u00f3noma de Buenos Aires, particip\u00f3 tambi\u00e9n el ministro de Econom\u00eda provincial, Walter Agosto.<\/p>\n<p>DETALLES DEL PAGO DE LA DEUDA HIST\u00d3RICA<\/p>\n<p>Los t\u00edtulos que hayan vencido entre la fecha de homologaci\u00f3n del acuerdo por la Corte Suprema de Justicia de la Naci\u00f3n y la fecha de hoy, ser\u00e1n recibidos por la provincia en efectivo. Se trata de un total de 3.476 millones de pesos.<\/p>\n<p>Del total de los t\u00edtulos y recursos en efectivo que la provincia de Santa Fe reciba en concepto de pago de deuda, el 13.43 por ciento se coparticipar\u00e1 a los gobiernos locales.<\/p>\n<p>Cabe recordar que la Corte Suprema de Justicia de la Naci\u00f3n homolog\u00f3 el acuerdo el pasado 6 de septiembre. El acuerdo fue firmado entre la Naci\u00f3n y la provincia, durante la jornada del 29 de junio de 2022.<\/p>\n<p>&nbsp;<\/p>\n","protected":false},"excerpt":{"rendered":"<p>El gobernador de la provincia, Omar Perotti, firm\u00f3 este lunes con el ministro de Econom\u00eda de la Naci\u00f3n, Sergio Massa, el acta de entrega de los t\u00edtulos p\u00fablicos que conforman el pago de la Deuda Hist\u00f3rica que la Naci\u00f3n mantiene con Santa Fe, por un total de 151.873 millones de pesos. Luego del encuentro, Perotti [&hellip;]<\/p>\n","protected":false},"author":3,"featured_media":40843,"comment_status":"closed","ping_status":"closed","sticky":false,"template":"","format":"standard","meta":{"_joinchat":[],"footnotes":""},"categories":[60],"tags":[],"class_list":{"0":"post-40841","1":"post","2":"type-post","3":"status-publish","4":"format-standard","5":"has-post-thumbnail","7":"category-provinciales"},"_links":{"self":[{"href":"https:\/\/infovera.com.ar\/web\/wp-json\/wp\/v2\/posts\/40841","targetHints":{"allow":["GET"]}}],"collection":[{"href":"https:\/\/infovera.com.ar\/web\/wp-json\/wp\/v2\/posts"}],"about":[{"href":"https:\/\/infovera.com.ar\/web\/wp-json\/wp\/v2\/types\/post"}],"author":[{"embeddable":true,"href":"https:\/\/infovera.com.ar\/web\/wp-json\/wp\/v2\/users\/3"}],"replies":[{"embeddable":true,"href":"https:\/\/infovera.com.ar\/web\/wp-json\/wp\/v2\/comments?post=40841"}],"version-history":[{"count":0,"href":"https:\/\/infovera.com.ar\/web\/wp-json\/wp\/v2\/posts\/40841\/revisions"}],"wp:featuredmedia":[{"embeddable":true,"href":"https:\/\/infovera.com.ar\/web\/wp-json\/wp\/v2\/media\/40843"}],"wp:attachment":[{"href":"https:\/\/infovera.com.ar\/web\/wp-json\/wp\/v2\/media?parent=40841"}],"wp:term":[{"taxonomy":"category","embeddable":true,"href":"https:\/\/infovera.com.ar\/web\/wp-json\/wp\/v2\/categories?post=40841"},{"taxonomy":"post_tag","embeddable":true,"href":"https:\/\/infovera.com.ar\/web\/wp-json\/wp\/v2\/tags?post=40841"}],"curies":[{"name":"wp","href":"https:\/\/api.w.org\/{rel}","templated":true}]}}